{"id":1332,"date":"2017-04-21T18:51:41","date_gmt":"2017-04-21T18:51:41","guid":{"rendered":"http:\/\/saloncarrefour50ansplus.com\/?p=1332"},"modified":"2017-04-21T18:51:41","modified_gmt":"2017-04-21T18:51:41","slug":"rose-marie-charest-psychologue","status":"publish","type":"post","link":"https:\/\/groupeproexpo.com\/saloncarrefour50ansplus\/rose-marie-charest-psychologue\/","title":{"rendered":"ROSE-MARIE CHAREST, PSYCHOLOGUE"},"content":{"rendered":"<p><strong>Conf\u00e9rence 2017\u00a0: <\/strong><em>Comment s\u2019adapter aux changements\u00a0?<\/em><\/p>\n<p>Rose-Marie Charest est passionn\u00e9e par la psychologie et la met \u00e0 la disposition du public et des organisations afin d\u2019am\u00e9liorer leur vie\u00a0 et leur bon fonctionnement.\u00a0\u00a0 Elle s\u2019est principalement int\u00e9ress\u00e9e \u00e0 la communication interpersonnelle et \u00e0 la sant\u00e9 psychologique, au travail comme dans la vie personnelle.\u00a0\u00a0 Elle met l\u2019accent sur l\u2019\u00e9valuation du besoin afin de trouver le meilleur moyen d\u2019y r\u00e9pondre.\u00a0 Son vaste r\u00e9seau lui permet, s\u2019il y a lieu, d\u2019identifier d\u2019autres personnes qui peuvent offrir les services appropri\u00e9s.<\/p>\n<p>Le <em>Journal des dipl\u00f4m\u00e9s de l\u2019Universit\u00e9 de Montr\u00e9al<\/em> a fait son portrait en l\u2019identifiant comme \u00ab la psychologue qui parle au monde \u00bb, titre dont elle est tr\u00e8s fi\u00e8re.\u00a0 En effet, comme conf\u00e9renci\u00e8re elle s\u2019assure que ses propos rejoignent ceux \u00e0 qui ils s\u2019adressent. Elle les pr\u00e9pare et les livre en tenant compte du public r\u00e9uni et du contexte sp\u00e9cifique de l\u2019organisation qui organise la conf\u00e9rence. Ainsi, toutes ses conf\u00e9rences sont personnalis\u00e9es.\u00a0\u00a0\u00a0 Les th\u00e8mes abord\u00e9s sont donc tr\u00e8s vari\u00e9s, allant notamment de probl\u00e9matiques personnelles, familiales et sociales,\u00a0 \u00e0 la sant\u00e9 psychologique, \u00e0 la relation \u00e0 l\u2019argent et \u00e0 l\u2019exercice du pouvoir. <a href=\"http:\/\/rosemariecharest.com\/\">http:\/\/rosemariecharest.com\/<\/a><\/p>\n","protected":false},"excerpt":{"rendered":"<div class=\"mh-excerpt\"><p>Conf\u00e9rence 2017\u00a0: Comment s\u2019adapter aux changements\u00a0? Rose-Marie Charest est passionn\u00e9e par la psychologie et la met \u00e0 la disposition du public et des organisations afin d\u2019am\u00e9liorer leur vie\u00a0 et leur bon fonctionnement.\u00a0\u00a0 Elle s\u2019est principalement <a class=\"mh-excerpt-more\" href=\"https:\/\/groupeproexpo.com\/saloncarrefour50ansplus\/rose-marie-charest-psychologue\/\" title=\"ROSE-MARIE CHAREST, PSYCHOLOGUE\">[&#8230;]<\/a><\/p>\n<\/div>","protected":false},"author":4,"featured_media":1819,"comment_status":"closed","ping_status":"open","sticky":false,"template":"","format":"standard","meta":{"ngg_post_thumbnail":0,"footnotes":""},"categories":[4],"tags":[],"class_list":["post-1332","post","type-post","status-publish","format-standard","has-post-thumbnail","hentry","category-nos-conferenciers-editions-anterieures"],"yoast_head":"<!-- This site is optimized with the Yoast SEO plugin v24.4 - https:\/\/yoast.com\/wordpress\/plugins\/seo\/ -->\n<title>ROSE-MARIE CHAREST, PSYCHOLOGUE - Le Salon Carrefour 50 ans +<\/title>\n<meta name=\"robots\" content=\"index, follow, max-snippet:-1, max-image-preview:large, max-video-preview:-1\" \/>\n<link rel=\"canonical\" href=\"https:\/\/groupeproexpo.com\/saloncarrefour50ansplus\/rose-marie-charest-psychologue\/\" \/>\n<meta property=\"og:locale\" content=\"fr_FR\" \/>\n<meta property=\"og:type\" content=\"article\" \/>\n<meta property=\"og:title\" content=\"ROSE-MARIE CHAREST, PSYCHOLOGUE - Le Salon Carrefour 50 ans +\" \/>\n<meta property=\"og:description\" content=\"Conf\u00e9rence 2017\u00a0: Comment s\u2019adapter aux changements\u00a0? Rose-Marie Charest est passionn\u00e9e par la psychologie et la met \u00e0 la disposition du public et des organisations afin d\u2019am\u00e9liorer leur vie\u00a0 et leur bon fonctionnement.\u00a0\u00a0 Elle s\u2019est principalement [...]\" \/>\n<meta property=\"og:url\" content=\"https:\/\/groupeproexpo.com\/saloncarrefour50ansplus\/rose-marie-charest-psychologue\/\" \/>\n<meta property=\"og:site_name\" content=\"Le Salon Carrefour 50 ans +\" \/>\n<meta property=\"article:published_time\" content=\"2017-04-21T18:51:41+00:00\" \/>\n<meta property=\"og:image\" content=\"https:\/\/groupeproexpo.com\/saloncarrefour50ansplus\/wp-content\/uploads\/sites\/9\/2017\/04\/Charest-recadr\u00e9.jpg\" \/>\n\t<meta property=\"og:image:width\" content=\"1650\" \/>\n\t<meta property=\"og:image:height\" content=\"1003\" \/>\n\t<meta property=\"og:image:type\" content=\"image\/jpeg\" \/>\n<meta name=\"author\" content=\"roger\" \/>\n<meta name=\"twitter:card\" content=\"summary_large_image\" \/>\n<meta name=\"twitter:label1\" content=\"\u00c9crit par\" \/>\n\t<meta name=\"twitter:data1\" content=\"roger\" \/>\n\t<meta name=\"twitter:label2\" content=\"Dur\u00e9e de lecture estim\u00e9e\" \/>\n\t<meta name=\"twitter:data2\" content=\"1 minute\" \/>\n<script type=\"application\/ld+json\" class=\"yoast-schema-graph\">{\"@context\":\"https:\/\/schema.org\",\"@graph\":[{\"@type\":\"WebPage\",\"@id\":\"https:\/\/groupeproexpo.com\/saloncarrefour50ansplus\/rose-marie-charest-psychologue\/\",\"url\":\"https:\/\/groupeproexpo.com\/saloncarrefour50ansplus\/rose-marie-charest-psychologue\/\",\"name\":\"ROSE-MARIE CHAREST, PSYCHOLOGUE - Le Salon Carrefour 50 ans +\",\"isPartOf\":{\"@id\":\"https:\/\/groupeproexpo.com\/saloncarrefour50ansplus\/#website\"},\"primaryImageOfPage\":{\"@id\":\"https:\/\/groupeproexpo.com\/saloncarrefour50ansplus\/rose-marie-charest-psychologue\/#primaryimage\"},\"image\":{\"@id\":\"https:\/\/groupeproexpo.com\/saloncarrefour50ansplus\/rose-marie-charest-psychologue\/#primaryimage\"},\"thumbnailUrl\":\"https:\/\/groupeproexpo.com\/saloncarrefour50ansplus\/wp-content\/uploads\/sites\/9\/2017\/04\/Charest-recadr\u00e9.jpg\",\"datePublished\":\"2017-04-21T18:51:41+00:00\",\"author\":{\"@id\":\"https:\/\/groupeproexpo.com\/saloncarrefour50ansplus\/#\/schema\/person\/d8b947343e1b1b31b839f262ba3d03c7\"},\"breadcrumb\":{\"@id\":\"https:\/\/groupeproexpo.com\/saloncarrefour50ansplus\/rose-marie-charest-psychologue\/#breadcrumb\"},\"inLanguage\":\"fr-FR\",\"potentialAction\":[{\"@type\":\"ReadAction\",\"target\":[\"https:\/\/groupeproexpo.com\/saloncarrefour50ansplus\/rose-marie-charest-psychologue\/\"]}]},{\"@type\":\"ImageObject\",\"inLanguage\":\"fr-FR\",\"@id\":\"https:\/\/groupeproexpo.com\/saloncarrefour50ansplus\/rose-marie-charest-psychologue\/#primaryimage\",\"url\":\"https:\/\/groupeproexpo.com\/saloncarrefour50ansplus\/wp-content\/uploads\/sites\/9\/2017\/04\/Charest-recadr\u00e9.jpg\",\"contentUrl\":\"https:\/\/groupeproexpo.com\/saloncarrefour50ansplus\/wp-content\/uploads\/sites\/9\/2017\/04\/Charest-recadr\u00e9.jpg\",\"width\":1650,\"height\":1003,\"caption\":\"Photo : Genevi\u00e8ve Labrosse\"},{\"@type\":\"BreadcrumbList\",\"@id\":\"https:\/\/groupeproexpo.com\/saloncarrefour50ansplus\/rose-marie-charest-psychologue\/#breadcrumb\",\"itemListElement\":[{\"@type\":\"ListItem\",\"position\":1,\"name\":\"Accueil\",\"item\":\"https:\/\/groupeproexpo.com\/saloncarrefour50ansplus\/\"},{\"@type\":\"ListItem\",\"position\":2,\"name\":\"ROSE-MARIE CHAREST, PSYCHOLOGUE\"}]},{\"@type\":\"WebSite\",\"@id\":\"https:\/\/groupeproexpo.com\/saloncarrefour50ansplus\/#website\",\"url\":\"https:\/\/groupeproexpo.com\/saloncarrefour50ansplus\/\",\"name\":\"Le Salon Carrefour 50 ans +\",\"description\":\"12 au 14 avril 2024\",\"potentialAction\":[{\"@type\":\"SearchAction\",\"target\":{\"@type\":\"EntryPoint\",\"urlTemplate\":\"https:\/\/groupeproexpo.com\/saloncarrefour50ansplus\/?s={search_term_string}\"},\"query-input\":{\"@type\":\"PropertyValueSpecification\",\"valueRequired\":true,\"valueName\":\"search_term_string\"}}],\"inLanguage\":\"fr-FR\"},{\"@type\":\"Person\",\"@id\":\"https:\/\/groupeproexpo.com\/saloncarrefour50ansplus\/#\/schema\/person\/d8b947343e1b1b31b839f262ba3d03c7\",\"name\":\"roger\",\"image\":{\"@type\":\"ImageObject\",\"inLanguage\":\"fr-FR\",\"@id\":\"https:\/\/groupeproexpo.com\/saloncarrefour50ansplus\/#\/schema\/person\/image\/\",\"url\":\"https:\/\/secure.gravatar.com\/avatar\/15a77a6584b86855ec6fe21668fa40f8?s=96&d=mm&r=g\",\"contentUrl\":\"https:\/\/secure.gravatar.com\/avatar\/15a77a6584b86855ec6fe21668fa40f8?s=96&d=mm&r=g\",\"caption\":\"roger\"},\"url\":\"https:\/\/groupeproexpo.com\/saloncarrefour50ansplus\/author\/roger\/\"}]}<\/script>\n<!-- \/ Yoast SEO plugin. -->","yoast_head_json":{"title":"ROSE-MARIE CHAREST, PSYCHOLOGUE - Le Salon Carrefour 50 ans +","robots":{"index":"index","follow":"follow","max-snippet":"max-snippet:-1","max-image-preview":"max-image-preview:large","max-video-preview":"max-video-preview:-1"},"canonical":"https:\/\/groupeproexpo.com\/saloncarrefour50ansplus\/rose-marie-charest-psychologue\/","og_locale":"fr_FR","og_type":"article","og_title":"ROSE-MARIE CHAREST, PSYCHOLOGUE - Le Salon Carrefour 50 ans +","og_description":"Conf\u00e9rence 2017\u00a0: Comment s\u2019adapter aux changements\u00a0? Rose-Marie Charest est passionn\u00e9e par la psychologie et la met \u00e0 la disposition du public et des organisations afin d\u2019am\u00e9liorer leur vie\u00a0 et leur bon fonctionnement.\u00a0\u00a0 Elle s\u2019est principalement [...]","og_url":"https:\/\/groupeproexpo.com\/saloncarrefour50ansplus\/rose-marie-charest-psychologue\/","og_site_name":"Le Salon Carrefour 50 ans +","article_published_time":"2017-04-21T18:51:41+00:00","og_image":[{"width":1650,"height":1003,"url":"https:\/\/groupeproexpo.com\/saloncarrefour50ansplus\/wp-content\/uploads\/sites\/9\/2017\/04\/Charest-recadr\u00e9.jpg","type":"image\/jpeg"}],"author":"roger","twitter_card":"summary_large_image","twitter_misc":{"\u00c9crit par":"roger","Dur\u00e9e de lecture estim\u00e9e":"1 minute"},"schema":{"@context":"https:\/\/schema.org","@graph":[{"@type":"WebPage","@id":"https:\/\/groupeproexpo.com\/saloncarrefour50ansplus\/rose-marie-charest-psychologue\/","url":"https:\/\/groupeproexpo.com\/saloncarrefour50ansplus\/rose-marie-charest-psychologue\/","name":"ROSE-MARIE CHAREST, PSYCHOLOGUE - Le Salon Carrefour 50 ans +","isPartOf":{"@id":"https:\/\/groupeproexpo.com\/saloncarrefour50ansplus\/#website"},"primaryImageOfPage":{"@id":"https:\/\/groupeproexpo.com\/saloncarrefour50ansplus\/rose-marie-charest-psychologue\/#primaryimage"},"image":{"@id":"https:\/\/groupeproexpo.com\/saloncarrefour50ansplus\/rose-marie-charest-psychologue\/#primaryimage"},"thumbnailUrl":"https:\/\/groupeproexpo.com\/saloncarrefour50ansplus\/wp-content\/uploads\/sites\/9\/2017\/04\/Charest-recadr\u00e9.jpg","datePublished":"2017-04-21T18:51:41+00:00","author":{"@id":"https:\/\/groupeproexpo.com\/saloncarrefour50ansplus\/#\/schema\/person\/d8b947343e1b1b31b839f262ba3d03c7"},"breadcrumb":{"@id":"https:\/\/groupeproexpo.com\/saloncarrefour50ansplus\/rose-marie-charest-psychologue\/#breadcrumb"},"inLanguage":"fr-FR","potentialAction":[{"@type":"ReadAction","target":["https:\/\/groupeproexpo.com\/saloncarrefour50ansplus\/rose-marie-charest-psychologue\/"]}]},{"@type":"ImageObject","inLanguage":"fr-FR","@id":"https:\/\/groupeproexpo.com\/saloncarrefour50ansplus\/rose-marie-charest-psychologue\/#primaryimage","url":"https:\/\/groupeproexpo.com\/saloncarrefour50ansplus\/wp-content\/uploads\/sites\/9\/2017\/04\/Charest-recadr\u00e9.jpg","contentUrl":"https:\/\/groupeproexpo.com\/saloncarrefour50ansplus\/wp-content\/uploads\/sites\/9\/2017\/04\/Charest-recadr\u00e9.jpg","width":1650,"height":1003,"caption":"Photo : Genevi\u00e8ve Labrosse"},{"@type":"BreadcrumbList","@id":"https:\/\/groupeproexpo.com\/saloncarrefour50ansplus\/rose-marie-charest-psychologue\/#breadcrumb","itemListElement":[{"@type":"ListItem","position":1,"name":"Accueil","item":"https:\/\/groupeproexpo.com\/saloncarrefour50ansplus\/"},{"@type":"ListItem","position":2,"name":"ROSE-MARIE CHAREST, PSYCHOLOGUE"}]},{"@type":"WebSite","@id":"https:\/\/groupeproexpo.com\/saloncarrefour50ansplus\/#website","url":"https:\/\/groupeproexpo.com\/saloncarrefour50ansplus\/","name":"Le Salon Carrefour 50 ans +","description":"12 au 14 avril 2024","potentialAction":[{"@type":"SearchAction","target":{"@type":"EntryPoint","urlTemplate":"https:\/\/groupeproexpo.com\/saloncarrefour50ansplus\/?s={search_term_string}"},"query-input":{"@type":"PropertyValueSpecification","valueRequired":true,"valueName":"search_term_string"}}],"inLanguage":"fr-FR"},{"@type":"Person","@id":"https:\/\/groupeproexpo.com\/saloncarrefour50ansplus\/#\/schema\/person\/d8b947343e1b1b31b839f262ba3d03c7","name":"roger","image":{"@type":"ImageObject","inLanguage":"fr-FR","@id":"https:\/\/groupeproexpo.com\/saloncarrefour50ansplus\/#\/schema\/person\/image\/","url":"https:\/\/secure.gravatar.com\/avatar\/15a77a6584b86855ec6fe21668fa40f8?s=96&d=mm&r=g","contentUrl":"https:\/\/secure.gravatar.com\/avatar\/15a77a6584b86855ec6fe21668fa40f8?s=96&d=mm&r=g","caption":"roger"},"url":"https:\/\/groupeproexpo.com\/saloncarrefour50ansplus\/author\/roger\/"}]}},"_links":{"self":[{"href":"https:\/\/groupeproexpo.com\/saloncarrefour50ansplus\/wp-json\/wp\/v2\/posts\/1332","targetHints":{"allow":["GET"]}}],"collection":[{"href":"https:\/\/groupeproexpo.com\/saloncarrefour50ansplus\/wp-json\/wp\/v2\/posts"}],"about":[{"href":"https:\/\/groupeproexpo.com\/saloncarrefour50ansplus\/wp-json\/wp\/v2\/types\/post"}],"author":[{"embeddable":true,"href":"https:\/\/groupeproexpo.com\/saloncarrefour50ansplus\/wp-json\/wp\/v2\/users\/4"}],"replies":[{"embeddable":true,"href":"https:\/\/groupeproexpo.com\/saloncarrefour50ansplus\/wp-json\/wp\/v2\/comments?post=1332"}],"version-history":[{"count":0,"href":"https:\/\/groupeproexpo.com\/saloncarrefour50ansplus\/wp-json\/wp\/v2\/posts\/1332\/revisions"}],"wp:featuredmedia":[{"embeddable":true,"href":"https:\/\/groupeproexpo.com\/saloncarrefour50ansplus\/wp-json\/wp\/v2\/media\/1819"}],"wp:attachment":[{"href":"https:\/\/groupeproexpo.com\/saloncarrefour50ansplus\/wp-json\/wp\/v2\/media?parent=1332"}],"wp:term":[{"taxonomy":"category","embeddable":true,"href":"https:\/\/groupeproexpo.com\/saloncarrefour50ansplus\/wp-json\/wp\/v2\/categories?post=1332"},{"taxonomy":"post_tag","embeddable":true,"href":"https:\/\/groupeproexpo.com\/saloncarrefour50ansplus\/wp-json\/wp\/v2\/tags?post=1332"}],"curies":[{"name":"wp","href":"https:\/\/api.w.org\/{rel}","templated":true}]}}