{"id":1393,"date":"2016-04-22T17:52:43","date_gmt":"2016-04-22T17:52:43","guid":{"rendered":"http:\/\/saloncarrefour50ansplus.com\/?p=1393"},"modified":"2016-04-22T17:52:43","modified_gmt":"2016-04-22T17:52:43","slug":"winston-mcquade-communicateur-artiste","status":"publish","type":"post","link":"https:\/\/groupeproexpo.com\/saloncarrefour50ansplus\/winston-mcquade-communicateur-artiste\/","title":{"rendered":"WINSTON MCQUADE, COMMUNICATEUR ET ARTISTE"},"content":{"rendered":"<p><em><strong>Conf\u00e9rence 2016\u00a0: <\/strong><\/em><em>Ma vie, mon cancer et la sant\u00e9 des hommes<\/em><\/p>\n<p>Winston McQuade est un homme de communication et un artiste peintre. Pour\u00a0Winston McQuade, le domaine des communications n\u2019a plus de secrets. Il a pass\u00e9 la majeure partie de sa carri\u00e8re \u00e0\u00a0<em>Radio-Canada<\/em>\u00a0o\u00f9 il a anim\u00e9 des \u00e9missions comme\u00a0<em>L\u2018heure de pointe, Winston dans les \u00celes<\/em>\u00a0et\u00a0<em>Winston re\u00e7o\u00eet\u2026\u00a0<\/em>Son implication dans le domaine de la diffusion des arts s\u2019\u00e9chelonne sur 30 ans. En 2003, Winston McQuade a v\u00e9cu un dur coup lorsque son m\u00e9decin lui a annonc\u00e9 qu\u2019il avait un cancer de la prostate. Double choc lorsque la maladie est r\u00e9apparue deux ans plus tard. Heureusement, il touche du bois depuis ; il n\u2019y a plus de trace du cancer. Toutefois, il a choisi de se lier \u00e0 la fondation <a href=\"http:\/\/www.procure.ca\/\"><em>PROCURE &#8211;\u00a0 Halte au cancer de la prostate <\/em><\/a>pour donner des conf\u00e9rences et ainsi redonner un peu d\u2019espoir aux hommes qui ont re\u00e7u un tel diagnostic, mais aussi aux conjointes de ceux-ci. Winston McQuade est pr\u00e9occup\u00e9 par le bonheur, celui qui na\u00eet de nos choix de vie. En conf\u00e9rence, il aborde la question de la renaissance. \u00ab On est appel\u00e9, \u00e0 partir de la mi-quarantaine, \u00e0 remettre en question un certain nombre de d\u00e9cisions que nous avons prises dans nos vies. Notre choix de carri\u00e8re a-t-il \u00e9t\u00e9 le bon ? A-t-il port\u00e9 les fruits esp\u00e9r\u00e9s ? Sommes-nous heureux ? Le questionnement et l\u2019autocritique sont inh\u00e9rents \u00e0 l\u2019\u00eatre humain. Il est de notre responsabilit\u00e9 de nous demander si celui que nous sommes \u00e0 50 ans correspond \u00e0 celui que nous souhaitions \u00eatre lorsque nous \u00e9tions plus jeunes, alors que nous \u00e9tions sans attaches familiales, mat\u00e9rielles et professionnelles.\u00a0\u00bb<\/p>\n","protected":false},"excerpt":{"rendered":"<div class=\"mh-excerpt\"><p>Conf\u00e9rence 2016\u00a0: Ma vie, mon cancer et la sant\u00e9 des hommes Winston McQuade est un homme de communication et un artiste peintre. Pour\u00a0Winston McQuade, le domaine des communications n\u2019a plus de secrets. Il a pass\u00e9 <a class=\"mh-excerpt-more\" href=\"https:\/\/groupeproexpo.com\/saloncarrefour50ansplus\/winston-mcquade-communicateur-artiste\/\" title=\"WINSTON MCQUADE, COMMUNICATEUR ET ARTISTE\">[&#8230;]<\/a><\/p>\n<\/div>","protected":false},"author":4,"featured_media":1394,"comment_status":"closed","ping_status":"open","sticky":false,"template":"","format":"standard","meta":{"ngg_post_thumbnail":0,"footnotes":""},"categories":[4],"tags":[],"class_list":["post-1393","post","type-post","status-publish","format-standard","has-post-thumbnail","hentry","category-nos-conferenciers-editions-anterieures"],"yoast_head":"<!-- This site is optimized with the Yoast SEO plugin v24.4 - https:\/\/yoast.com\/wordpress\/plugins\/seo\/ -->\n<title>WINSTON MCQUADE, COMMUNICATEUR ET ARTISTE - Le Salon Carrefour 50 ans +<\/title>\n<meta name=\"robots\" content=\"index, follow, max-snippet:-1, max-image-preview:large, max-video-preview:-1\" \/>\n<link rel=\"canonical\" href=\"https:\/\/groupeproexpo.com\/saloncarrefour50ansplus\/winston-mcquade-communicateur-artiste\/\" \/>\n<meta property=\"og:locale\" content=\"fr_FR\" \/>\n<meta property=\"og:type\" content=\"article\" \/>\n<meta property=\"og:title\" content=\"WINSTON MCQUADE, COMMUNICATEUR ET ARTISTE - Le Salon Carrefour 50 ans +\" \/>\n<meta property=\"og:description\" content=\"Conf\u00e9rence 2016\u00a0: Ma vie, mon cancer et la sant\u00e9 des hommes Winston McQuade est un homme de communication et un artiste peintre. Pour\u00a0Winston McQuade, le domaine des communications n\u2019a plus de secrets. Il a pass\u00e9 [...]\" \/>\n<meta property=\"og:url\" content=\"https:\/\/groupeproexpo.com\/saloncarrefour50ansplus\/winston-mcquade-communicateur-artiste\/\" \/>\n<meta property=\"og:site_name\" content=\"Le Salon Carrefour 50 ans +\" \/>\n<meta property=\"article:published_time\" content=\"2016-04-22T17:52:43+00:00\" \/>\n<meta property=\"og:image\" content=\"https:\/\/groupeproexpo.com\/saloncarrefour50ansplus\/wp-content\/uploads\/sites\/9\/2017\/08\/Conf\u00e9rence-Winston-McQuade.jpg\" \/>\n\t<meta property=\"og:image:width\" content=\"2046\" \/>\n\t<meta property=\"og:image:height\" content=\"1308\" \/>\n\t<meta property=\"og:image:type\" content=\"image\/jpeg\" \/>\n<meta name=\"author\" content=\"roger\" \/>\n<meta name=\"twitter:card\" content=\"summary_large_image\" \/>\n<meta name=\"twitter:label1\" content=\"\u00c9crit par\" \/>\n\t<meta name=\"twitter:data1\" content=\"roger\" \/>\n\t<meta name=\"twitter:label2\" content=\"Dur\u00e9e de lecture estim\u00e9e\" \/>\n\t<meta name=\"twitter:data2\" content=\"1 minute\" \/>\n<script type=\"application\/ld+json\" class=\"yoast-schema-graph\">{\"@context\":\"https:\/\/schema.org\",\"@graph\":[{\"@type\":\"WebPage\",\"@id\":\"https:\/\/groupeproexpo.com\/saloncarrefour50ansplus\/winston-mcquade-communicateur-artiste\/\",\"url\":\"https:\/\/groupeproexpo.com\/saloncarrefour50ansplus\/winston-mcquade-communicateur-artiste\/\",\"name\":\"WINSTON MCQUADE, COMMUNICATEUR ET ARTISTE - Le Salon Carrefour 50 ans +\",\"isPartOf\":{\"@id\":\"https:\/\/groupeproexpo.com\/saloncarrefour50ansplus\/#website\"},\"primaryImageOfPage\":{\"@id\":\"https:\/\/groupeproexpo.com\/saloncarrefour50ansplus\/winston-mcquade-communicateur-artiste\/#primaryimage\"},\"image\":{\"@id\":\"https:\/\/groupeproexpo.com\/saloncarrefour50ansplus\/winston-mcquade-communicateur-artiste\/#primaryimage\"},\"thumbnailUrl\":\"https:\/\/groupeproexpo.com\/saloncarrefour50ansplus\/wp-content\/uploads\/sites\/9\/2017\/08\/Conf\u00e9rence-Winston-McQuade.jpg\",\"datePublished\":\"2016-04-22T17:52:43+00:00\",\"author\":{\"@id\":\"https:\/\/groupeproexpo.com\/saloncarrefour50ansplus\/#\/schema\/person\/d8b947343e1b1b31b839f262ba3d03c7\"},\"breadcrumb\":{\"@id\":\"https:\/\/groupeproexpo.com\/saloncarrefour50ansplus\/winston-mcquade-communicateur-artiste\/#breadcrumb\"},\"inLanguage\":\"fr-FR\",\"potentialAction\":[{\"@type\":\"ReadAction\",\"target\":[\"https:\/\/groupeproexpo.com\/saloncarrefour50ansplus\/winston-mcquade-communicateur-artiste\/\"]}]},{\"@type\":\"ImageObject\",\"inLanguage\":\"fr-FR\",\"@id\":\"https:\/\/groupeproexpo.com\/saloncarrefour50ansplus\/winston-mcquade-communicateur-artiste\/#primaryimage\",\"url\":\"https:\/\/groupeproexpo.com\/saloncarrefour50ansplus\/wp-content\/uploads\/sites\/9\/2017\/08\/Conf\u00e9rence-Winston-McQuade.jpg\",\"contentUrl\":\"https:\/\/groupeproexpo.com\/saloncarrefour50ansplus\/wp-content\/uploads\/sites\/9\/2017\/08\/Conf\u00e9rence-Winston-McQuade.jpg\",\"width\":2046,\"height\":1308},{\"@type\":\"BreadcrumbList\",\"@id\":\"https:\/\/groupeproexpo.com\/saloncarrefour50ansplus\/winston-mcquade-communicateur-artiste\/#breadcrumb\",\"itemListElement\":[{\"@type\":\"ListItem\",\"position\":1,\"name\":\"Accueil\",\"item\":\"https:\/\/groupeproexpo.com\/saloncarrefour50ansplus\/\"},{\"@type\":\"ListItem\",\"position\":2,\"name\":\"WINSTON MCQUADE, COMMUNICATEUR ET ARTISTE\"}]},{\"@type\":\"WebSite\",\"@id\":\"https:\/\/groupeproexpo.com\/saloncarrefour50ansplus\/#website\",\"url\":\"https:\/\/groupeproexpo.com\/saloncarrefour50ansplus\/\",\"name\":\"Le Salon Carrefour 50 ans +\",\"description\":\"12 au 14 avril 2024\",\"potentialAction\":[{\"@type\":\"SearchAction\",\"target\":{\"@type\":\"EntryPoint\",\"urlTemplate\":\"https:\/\/groupeproexpo.com\/saloncarrefour50ansplus\/?s={search_term_string}\"},\"query-input\":{\"@type\":\"PropertyValueSpecification\",\"valueRequired\":true,\"valueName\":\"search_term_string\"}}],\"inLanguage\":\"fr-FR\"},{\"@type\":\"Person\",\"@id\":\"https:\/\/groupeproexpo.com\/saloncarrefour50ansplus\/#\/schema\/person\/d8b947343e1b1b31b839f262ba3d03c7\",\"name\":\"roger\",\"image\":{\"@type\":\"ImageObject\",\"inLanguage\":\"fr-FR\",\"@id\":\"https:\/\/groupeproexpo.com\/saloncarrefour50ansplus\/#\/schema\/person\/image\/\",\"url\":\"https:\/\/secure.gravatar.com\/avatar\/15a77a6584b86855ec6fe21668fa40f8?s=96&d=mm&r=g\",\"contentUrl\":\"https:\/\/secure.gravatar.com\/avatar\/15a77a6584b86855ec6fe21668fa40f8?s=96&d=mm&r=g\",\"caption\":\"roger\"},\"url\":\"https:\/\/groupeproexpo.com\/saloncarrefour50ansplus\/author\/roger\/\"}]}<\/script>\n<!-- \/ Yoast SEO plugin. -->","yoast_head_json":{"title":"WINSTON MCQUADE, COMMUNICATEUR ET ARTISTE - Le Salon Carrefour 50 ans +","robots":{"index":"index","follow":"follow","max-snippet":"max-snippet:-1","max-image-preview":"max-image-preview:large","max-video-preview":"max-video-preview:-1"},"canonical":"https:\/\/groupeproexpo.com\/saloncarrefour50ansplus\/winston-mcquade-communicateur-artiste\/","og_locale":"fr_FR","og_type":"article","og_title":"WINSTON MCQUADE, COMMUNICATEUR ET ARTISTE - Le Salon Carrefour 50 ans +","og_description":"Conf\u00e9rence 2016\u00a0: Ma vie, mon cancer et la sant\u00e9 des hommes Winston McQuade est un homme de communication et un artiste peintre. Pour\u00a0Winston McQuade, le domaine des communications n\u2019a plus de secrets. Il a pass\u00e9 [...]","og_url":"https:\/\/groupeproexpo.com\/saloncarrefour50ansplus\/winston-mcquade-communicateur-artiste\/","og_site_name":"Le Salon Carrefour 50 ans +","article_published_time":"2016-04-22T17:52:43+00:00","og_image":[{"width":2046,"height":1308,"url":"https:\/\/groupeproexpo.com\/saloncarrefour50ansplus\/wp-content\/uploads\/sites\/9\/2017\/08\/Conf\u00e9rence-Winston-McQuade.jpg","type":"image\/jpeg"}],"author":"roger","twitter_card":"summary_large_image","twitter_misc":{"\u00c9crit par":"roger","Dur\u00e9e de lecture estim\u00e9e":"1 minute"},"schema":{"@context":"https:\/\/schema.org","@graph":[{"@type":"WebPage","@id":"https:\/\/groupeproexpo.com\/saloncarrefour50ansplus\/winston-mcquade-communicateur-artiste\/","url":"https:\/\/groupeproexpo.com\/saloncarrefour50ansplus\/winston-mcquade-communicateur-artiste\/","name":"WINSTON MCQUADE, COMMUNICATEUR ET ARTISTE - Le Salon Carrefour 50 ans +","isPartOf":{"@id":"https:\/\/groupeproexpo.com\/saloncarrefour50ansplus\/#website"},"primaryImageOfPage":{"@id":"https:\/\/groupeproexpo.com\/saloncarrefour50ansplus\/winston-mcquade-communicateur-artiste\/#primaryimage"},"image":{"@id":"https:\/\/groupeproexpo.com\/saloncarrefour50ansplus\/winston-mcquade-communicateur-artiste\/#primaryimage"},"thumbnailUrl":"https:\/\/groupeproexpo.com\/saloncarrefour50ansplus\/wp-content\/uploads\/sites\/9\/2017\/08\/Conf\u00e9rence-Winston-McQuade.jpg","datePublished":"2016-04-22T17:52:43+00:00","author":{"@id":"https:\/\/groupeproexpo.com\/saloncarrefour50ansplus\/#\/schema\/person\/d8b947343e1b1b31b839f262ba3d03c7"},"breadcrumb":{"@id":"https:\/\/groupeproexpo.com\/saloncarrefour50ansplus\/winston-mcquade-communicateur-artiste\/#breadcrumb"},"inLanguage":"fr-FR","potentialAction":[{"@type":"ReadAction","target":["https:\/\/groupeproexpo.com\/saloncarrefour50ansplus\/winston-mcquade-communicateur-artiste\/"]}]},{"@type":"ImageObject","inLanguage":"fr-FR","@id":"https:\/\/groupeproexpo.com\/saloncarrefour50ansplus\/winston-mcquade-communicateur-artiste\/#primaryimage","url":"https:\/\/groupeproexpo.com\/saloncarrefour50ansplus\/wp-content\/uploads\/sites\/9\/2017\/08\/Conf\u00e9rence-Winston-McQuade.jpg","contentUrl":"https:\/\/groupeproexpo.com\/saloncarrefour50ansplus\/wp-content\/uploads\/sites\/9\/2017\/08\/Conf\u00e9rence-Winston-McQuade.jpg","width":2046,"height":1308},{"@type":"BreadcrumbList","@id":"https:\/\/groupeproexpo.com\/saloncarrefour50ansplus\/winston-mcquade-communicateur-artiste\/#breadcrumb","itemListElement":[{"@type":"ListItem","position":1,"name":"Accueil","item":"https:\/\/groupeproexpo.com\/saloncarrefour50ansplus\/"},{"@type":"ListItem","position":2,"name":"WINSTON MCQUADE, COMMUNICATEUR ET ARTISTE"}]},{"@type":"WebSite","@id":"https:\/\/groupeproexpo.com\/saloncarrefour50ansplus\/#website","url":"https:\/\/groupeproexpo.com\/saloncarrefour50ansplus\/","name":"Le Salon Carrefour 50 ans +","description":"12 au 14 avril 2024","potentialAction":[{"@type":"SearchAction","target":{"@type":"EntryPoint","urlTemplate":"https:\/\/groupeproexpo.com\/saloncarrefour50ansplus\/?s={search_term_string}"},"query-input":{"@type":"PropertyValueSpecification","valueRequired":true,"valueName":"search_term_string"}}],"inLanguage":"fr-FR"},{"@type":"Person","@id":"https:\/\/groupeproexpo.com\/saloncarrefour50ansplus\/#\/schema\/person\/d8b947343e1b1b31b839f262ba3d03c7","name":"roger","image":{"@type":"ImageObject","inLanguage":"fr-FR","@id":"https:\/\/groupeproexpo.com\/saloncarrefour50ansplus\/#\/schema\/person\/image\/","url":"https:\/\/secure.gravatar.com\/avatar\/15a77a6584b86855ec6fe21668fa40f8?s=96&d=mm&r=g","contentUrl":"https:\/\/secure.gravatar.com\/avatar\/15a77a6584b86855ec6fe21668fa40f8?s=96&d=mm&r=g","caption":"roger"},"url":"https:\/\/groupeproexpo.com\/saloncarrefour50ansplus\/author\/roger\/"}]}},"_links":{"self":[{"href":"https:\/\/groupeproexpo.com\/saloncarrefour50ansplus\/wp-json\/wp\/v2\/posts\/1393","targetHints":{"allow":["GET"]}}],"collection":[{"href":"https:\/\/groupeproexpo.com\/saloncarrefour50ansplus\/wp-json\/wp\/v2\/posts"}],"about":[{"href":"https:\/\/groupeproexpo.com\/saloncarrefour50ansplus\/wp-json\/wp\/v2\/types\/post"}],"author":[{"embeddable":true,"href":"https:\/\/groupeproexpo.com\/saloncarrefour50ansplus\/wp-json\/wp\/v2\/users\/4"}],"replies":[{"embeddable":true,"href":"https:\/\/groupeproexpo.com\/saloncarrefour50ansplus\/wp-json\/wp\/v2\/comments?post=1393"}],"version-history":[{"count":0,"href":"https:\/\/groupeproexpo.com\/saloncarrefour50ansplus\/wp-json\/wp\/v2\/posts\/1393\/revisions"}],"wp:featuredmedia":[{"embeddable":true,"href":"https:\/\/groupeproexpo.com\/saloncarrefour50ansplus\/wp-json\/wp\/v2\/media\/1394"}],"wp:attachment":[{"href":"https:\/\/groupeproexpo.com\/saloncarrefour50ansplus\/wp-json\/wp\/v2\/media?parent=1393"}],"wp:term":[{"taxonomy":"category","embeddable":true,"href":"https:\/\/groupeproexpo.com\/saloncarrefour50ansplus\/wp-json\/wp\/v2\/categories?post=1393"},{"taxonomy":"post_tag","embeddable":true,"href":"https:\/\/groupeproexpo.com\/saloncarrefour50ansplus\/wp-json\/wp\/v2\/tags?post=1393"}],"curies":[{"name":"wp","href":"https:\/\/api.w.org\/{rel}","templated":true}]}}