{"id":245,"date":"2018-02-16T01:02:05","date_gmt":"2018-02-16T01:02:05","guid":{"rendered":"http:\/\/saloncarrefour50ansplus.com\/?p=245"},"modified":"2018-02-16T01:02:05","modified_gmt":"2018-02-16T01:02:05","slug":"2017-delices-erabeille","status":"publish","type":"post","link":"https:\/\/groupeproexpo.com\/saloncarrefour50ansplus\/2017-delices-erabeille\/","title":{"rendered":"\u00c9RABEILLE ARTISAN"},"content":{"rendered":"<p>\u00c9rabeille artisan est en op\u00e9ration depuis 2002. Depuis le d\u00e9but, nous maintenons le m\u00eame cap avec des crit\u00e8res pr\u00e9cis : produits naturels \u00e0 100% ; utilisation d\u2019un miel pur non pasteuris\u00e9 qu\u00e9b\u00e9cois ou canadien certifi\u00e9, et d\u2019un sirop d\u2019\u00e9rable pur, pour leurs propri\u00e9t\u00e9s et leurs caract\u00e9ristiques. De plus, on se tient loin des ingr\u00e9dients allerg\u00e8nes et on \u00e9vite l\u2019ajout de sodium sauf dans la sauce aux herbes sal\u00e9es et dans le caramel \u00e0 fleur de sel.&nbsp;Le succ\u00e8s de l\u2019entreprise repose sur la complicit\u00e9 que notre client\u00e8le partage avec nous lors de salons, foires ou \u00e9v\u00e9nements. Votre confiance nous motive \u00e0 mieux r\u00e9pondre \u00e0 vos attentes.&nbsp;<a href=\"https:\/\/l.facebook.com\/l.php?u=http%3A%2F%2Fwww.erabeille.com%2F&amp;h=ATM20hntiv_KBm7CO_3N0DITuFjDqzLL2CX6-Nd3JPjv30Sg2u2gGoxHwcCkcgPWf9oc0_4yf7oThSl3aDbLO32sE-HCMxQrlDn9aJm-NsYd0hKmNaFH90g9w-eNYzQHI7EdC5pJ4lFjyvUlUUO1sNo&amp;enc=AZOrfrdzOpRFtA8E0OYAIXWGwzxVYxo3hz-Pk8lln7P51A665M_3GjI1c7wPuxxoN5-tJU9oG1BwFafnFuovFOzN2EdggnXpiEA0HPhW7fJ4i8cuLUWTsOsgggjM4Qkra91L5_kCLjNxzkIDs5FrWOyn1qYViFMZ8WfreQ_8lUZS2MFqbiRBnDWdt7hp2KZvMFav_XG4GfTo6A94Dw5c4jMl&amp;s=1\" target=\"_blank\" rel=\"nofollow noopener\">http:\/\/www.erabeille.com\/<\/a><\/p>\n","protected":false},"excerpt":{"rendered":"<div class=\"mh-excerpt\"><p>\u00c9rabeille artisan est en op\u00e9ration depuis 2002. Depuis le d\u00e9but, nous maintenons le m\u00eame cap avec des crit\u00e8res pr\u00e9cis : produits naturels \u00e0 100% ; utilisation d\u2019un miel pur non pasteuris\u00e9 qu\u00e9b\u00e9cois ou canadien certifi\u00e9, <a class=\"mh-excerpt-more\" href=\"https:\/\/groupeproexpo.com\/saloncarrefour50ansplus\/2017-delices-erabeille\/\" title=\"\u00c9RABEILLE ARTISAN\">[&#8230;]<\/a><\/p>\n<\/div>","protected":false},"author":4,"featured_media":3775,"comment_status":"closed","ping_status":"open","sticky":false,"template":"","format":"standard","meta":{"ngg_post_thumbnail":0,"footnotes":""},"categories":[2],"tags":[],"class_list":["post-245","post","type-post","status-publish","format-standard","has-post-thumbnail","hentry","category-entreprises-et-organismes"],"yoast_head":"<!-- This site is optimized with the Yoast SEO plugin v24.4 - https:\/\/yoast.com\/wordpress\/plugins\/seo\/ -->\n<title>\u00c9RABEILLE ARTISAN - Le Salon Carrefour 50 ans +<\/title>\n<meta name=\"robots\" content=\"index, follow, max-snippet:-1, max-image-preview:large, max-video-preview:-1\" \/>\n<link rel=\"canonical\" href=\"https:\/\/groupeproexpo.com\/saloncarrefour50ansplus\/2017-delices-erabeille\/\" \/>\n<meta property=\"og:locale\" content=\"fr_FR\" \/>\n<meta property=\"og:type\" content=\"article\" \/>\n<meta property=\"og:title\" content=\"\u00c9RABEILLE ARTISAN - Le Salon Carrefour 50 ans +\" \/>\n<meta property=\"og:description\" content=\"\u00c9rabeille artisan est en op\u00e9ration depuis 2002. Depuis le d\u00e9but, nous maintenons le m\u00eame cap avec des crit\u00e8res pr\u00e9cis : produits naturels \u00e0 100% ; utilisation d\u2019un miel pur non pasteuris\u00e9 qu\u00e9b\u00e9cois ou canadien certifi\u00e9, [...]\" \/>\n<meta property=\"og:url\" content=\"https:\/\/groupeproexpo.com\/saloncarrefour50ansplus\/2017-delices-erabeille\/\" \/>\n<meta property=\"og:site_name\" content=\"Le Salon Carrefour 50 ans +\" \/>\n<meta property=\"article:published_time\" content=\"2018-02-16T01:02:05+00:00\" \/>\n<meta name=\"author\" content=\"roger\" \/>\n<meta name=\"twitter:card\" content=\"summary_large_image\" \/>\n<meta name=\"twitter:image\" content=\"https:\/\/groupeproexpo.com\/saloncarrefour50ansplus\/wp-content\/uploads\/sites\/9\/2018\/09\/ALIMENTATION-CADRE-BLEU.jpg\" \/>\n<meta name=\"twitter:label1\" content=\"\u00c9crit par\" \/>\n\t<meta name=\"twitter:data1\" content=\"roger\" \/>\n\t<meta name=\"twitter:label2\" content=\"Dur\u00e9e de lecture estim\u00e9e\" \/>\n\t<meta name=\"twitter:data2\" content=\"1 minute\" \/>\n<script type=\"application\/ld+json\" class=\"yoast-schema-graph\">{\"@context\":\"https:\/\/schema.org\",\"@graph\":[{\"@type\":\"WebPage\",\"@id\":\"https:\/\/groupeproexpo.com\/saloncarrefour50ansplus\/2017-delices-erabeille\/\",\"url\":\"https:\/\/groupeproexpo.com\/saloncarrefour50ansplus\/2017-delices-erabeille\/\",\"name\":\"\u00c9RABEILLE ARTISAN - Le Salon Carrefour 50 ans +\",\"isPartOf\":{\"@id\":\"https:\/\/groupeproexpo.com\/saloncarrefour50ansplus\/#website\"},\"primaryImageOfPage\":{\"@id\":\"https:\/\/groupeproexpo.com\/saloncarrefour50ansplus\/2017-delices-erabeille\/#primaryimage\"},\"image\":{\"@id\":\"https:\/\/groupeproexpo.com\/saloncarrefour50ansplus\/2017-delices-erabeille\/#primaryimage\"},\"thumbnailUrl\":\"https:\/\/groupeproexpo.com\/saloncarrefour50ansplus\/wp-content\/uploads\/sites\/9\/2018\/09\/ALIMENTATION-CADRE-BLEU.jpg\",\"datePublished\":\"2018-02-16T01:02:05+00:00\",\"author\":{\"@id\":\"https:\/\/groupeproexpo.com\/saloncarrefour50ansplus\/#\/schema\/person\/d8b947343e1b1b31b839f262ba3d03c7\"},\"breadcrumb\":{\"@id\":\"https:\/\/groupeproexpo.com\/saloncarrefour50ansplus\/2017-delices-erabeille\/#breadcrumb\"},\"inLanguage\":\"fr-FR\",\"potentialAction\":[{\"@type\":\"ReadAction\",\"target\":[\"https:\/\/groupeproexpo.com\/saloncarrefour50ansplus\/2017-delices-erabeille\/\"]}]},{\"@type\":\"ImageObject\",\"inLanguage\":\"fr-FR\",\"@id\":\"https:\/\/groupeproexpo.com\/saloncarrefour50ansplus\/2017-delices-erabeille\/#primaryimage\",\"url\":\"https:\/\/groupeproexpo.com\/saloncarrefour50ansplus\/wp-content\/uploads\/sites\/9\/2018\/09\/ALIMENTATION-CADRE-BLEU.jpg\",\"contentUrl\":\"https:\/\/groupeproexpo.com\/saloncarrefour50ansplus\/wp-content\/uploads\/sites\/9\/2018\/09\/ALIMENTATION-CADRE-BLEU.jpg\",\"width\":1920,\"height\":1080},{\"@type\":\"BreadcrumbList\",\"@id\":\"https:\/\/groupeproexpo.com\/saloncarrefour50ansplus\/2017-delices-erabeille\/#breadcrumb\",\"itemListElement\":[{\"@type\":\"ListItem\",\"position\":1,\"name\":\"Accueil\",\"item\":\"https:\/\/groupeproexpo.com\/saloncarrefour50ansplus\/\"},{\"@type\":\"ListItem\",\"position\":2,\"name\":\"\u00c9RABEILLE ARTISAN\"}]},{\"@type\":\"WebSite\",\"@id\":\"https:\/\/groupeproexpo.com\/saloncarrefour50ansplus\/#website\",\"url\":\"https:\/\/groupeproexpo.com\/saloncarrefour50ansplus\/\",\"name\":\"Le Salon Carrefour 50 ans +\",\"description\":\"12 au 14 avril 2024\",\"potentialAction\":[{\"@type\":\"SearchAction\",\"target\":{\"@type\":\"EntryPoint\",\"urlTemplate\":\"https:\/\/groupeproexpo.com\/saloncarrefour50ansplus\/?s={search_term_string}\"},\"query-input\":{\"@type\":\"PropertyValueSpecification\",\"valueRequired\":true,\"valueName\":\"search_term_string\"}}],\"inLanguage\":\"fr-FR\"},{\"@type\":\"Person\",\"@id\":\"https:\/\/groupeproexpo.com\/saloncarrefour50ansplus\/#\/schema\/person\/d8b947343e1b1b31b839f262ba3d03c7\",\"name\":\"roger\",\"image\":{\"@type\":\"ImageObject\",\"inLanguage\":\"fr-FR\",\"@id\":\"https:\/\/groupeproexpo.com\/saloncarrefour50ansplus\/#\/schema\/person\/image\/\",\"url\":\"https:\/\/secure.gravatar.com\/avatar\/15a77a6584b86855ec6fe21668fa40f8?s=96&d=mm&r=g\",\"contentUrl\":\"https:\/\/secure.gravatar.com\/avatar\/15a77a6584b86855ec6fe21668fa40f8?s=96&d=mm&r=g\",\"caption\":\"roger\"},\"url\":\"https:\/\/groupeproexpo.com\/saloncarrefour50ansplus\/author\/roger\/\"}]}<\/script>\n<!-- \/ Yoast SEO plugin. -->","yoast_head_json":{"title":"\u00c9RABEILLE ARTISAN - Le Salon Carrefour 50 ans +","robots":{"index":"index","follow":"follow","max-snippet":"max-snippet:-1","max-image-preview":"max-image-preview:large","max-video-preview":"max-video-preview:-1"},"canonical":"https:\/\/groupeproexpo.com\/saloncarrefour50ansplus\/2017-delices-erabeille\/","og_locale":"fr_FR","og_type":"article","og_title":"\u00c9RABEILLE ARTISAN - Le Salon Carrefour 50 ans +","og_description":"\u00c9rabeille artisan est en op\u00e9ration depuis 2002. Depuis le d\u00e9but, nous maintenons le m\u00eame cap avec des crit\u00e8res pr\u00e9cis : produits naturels \u00e0 100% ; utilisation d\u2019un miel pur non pasteuris\u00e9 qu\u00e9b\u00e9cois ou canadien certifi\u00e9, [...]","og_url":"https:\/\/groupeproexpo.com\/saloncarrefour50ansplus\/2017-delices-erabeille\/","og_site_name":"Le Salon Carrefour 50 ans +","article_published_time":"2018-02-16T01:02:05+00:00","author":"roger","twitter_card":"summary_large_image","twitter_image":"https:\/\/groupeproexpo.com\/saloncarrefour50ansplus\/wp-content\/uploads\/sites\/9\/2018\/09\/ALIMENTATION-CADRE-BLEU.jpg","twitter_misc":{"\u00c9crit par":"roger","Dur\u00e9e de lecture estim\u00e9e":"1 minute"},"schema":{"@context":"https:\/\/schema.org","@graph":[{"@type":"WebPage","@id":"https:\/\/groupeproexpo.com\/saloncarrefour50ansplus\/2017-delices-erabeille\/","url":"https:\/\/groupeproexpo.com\/saloncarrefour50ansplus\/2017-delices-erabeille\/","name":"\u00c9RABEILLE ARTISAN - Le Salon Carrefour 50 ans +","isPartOf":{"@id":"https:\/\/groupeproexpo.com\/saloncarrefour50ansplus\/#website"},"primaryImageOfPage":{"@id":"https:\/\/groupeproexpo.com\/saloncarrefour50ansplus\/2017-delices-erabeille\/#primaryimage"},"image":{"@id":"https:\/\/groupeproexpo.com\/saloncarrefour50ansplus\/2017-delices-erabeille\/#primaryimage"},"thumbnailUrl":"https:\/\/groupeproexpo.com\/saloncarrefour50ansplus\/wp-content\/uploads\/sites\/9\/2018\/09\/ALIMENTATION-CADRE-BLEU.jpg","datePublished":"2018-02-16T01:02:05+00:00","author":{"@id":"https:\/\/groupeproexpo.com\/saloncarrefour50ansplus\/#\/schema\/person\/d8b947343e1b1b31b839f262ba3d03c7"},"breadcrumb":{"@id":"https:\/\/groupeproexpo.com\/saloncarrefour50ansplus\/2017-delices-erabeille\/#breadcrumb"},"inLanguage":"fr-FR","potentialAction":[{"@type":"ReadAction","target":["https:\/\/groupeproexpo.com\/saloncarrefour50ansplus\/2017-delices-erabeille\/"]}]},{"@type":"ImageObject","inLanguage":"fr-FR","@id":"https:\/\/groupeproexpo.com\/saloncarrefour50ansplus\/2017-delices-erabeille\/#primaryimage","url":"https:\/\/groupeproexpo.com\/saloncarrefour50ansplus\/wp-content\/uploads\/sites\/9\/2018\/09\/ALIMENTATION-CADRE-BLEU.jpg","contentUrl":"https:\/\/groupeproexpo.com\/saloncarrefour50ansplus\/wp-content\/uploads\/sites\/9\/2018\/09\/ALIMENTATION-CADRE-BLEU.jpg","width":1920,"height":1080},{"@type":"BreadcrumbList","@id":"https:\/\/groupeproexpo.com\/saloncarrefour50ansplus\/2017-delices-erabeille\/#breadcrumb","itemListElement":[{"@type":"ListItem","position":1,"name":"Accueil","item":"https:\/\/groupeproexpo.com\/saloncarrefour50ansplus\/"},{"@type":"ListItem","position":2,"name":"\u00c9RABEILLE ARTISAN"}]},{"@type":"WebSite","@id":"https:\/\/groupeproexpo.com\/saloncarrefour50ansplus\/#website","url":"https:\/\/groupeproexpo.com\/saloncarrefour50ansplus\/","name":"Le Salon Carrefour 50 ans +","description":"12 au 14 avril 2024","potentialAction":[{"@type":"SearchAction","target":{"@type":"EntryPoint","urlTemplate":"https:\/\/groupeproexpo.com\/saloncarrefour50ansplus\/?s={search_term_string}"},"query-input":{"@type":"PropertyValueSpecification","valueRequired":true,"valueName":"search_term_string"}}],"inLanguage":"fr-FR"},{"@type":"Person","@id":"https:\/\/groupeproexpo.com\/saloncarrefour50ansplus\/#\/schema\/person\/d8b947343e1b1b31b839f262ba3d03c7","name":"roger","image":{"@type":"ImageObject","inLanguage":"fr-FR","@id":"https:\/\/groupeproexpo.com\/saloncarrefour50ansplus\/#\/schema\/person\/image\/","url":"https:\/\/secure.gravatar.com\/avatar\/15a77a6584b86855ec6fe21668fa40f8?s=96&d=mm&r=g","contentUrl":"https:\/\/secure.gravatar.com\/avatar\/15a77a6584b86855ec6fe21668fa40f8?s=96&d=mm&r=g","caption":"roger"},"url":"https:\/\/groupeproexpo.com\/saloncarrefour50ansplus\/author\/roger\/"}]}},"_links":{"self":[{"href":"https:\/\/groupeproexpo.com\/saloncarrefour50ansplus\/wp-json\/wp\/v2\/posts\/245","targetHints":{"allow":["GET"]}}],"collection":[{"href":"https:\/\/groupeproexpo.com\/saloncarrefour50ansplus\/wp-json\/wp\/v2\/posts"}],"about":[{"href":"https:\/\/groupeproexpo.com\/saloncarrefour50ansplus\/wp-json\/wp\/v2\/types\/post"}],"author":[{"embeddable":true,"href":"https:\/\/groupeproexpo.com\/saloncarrefour50ansplus\/wp-json\/wp\/v2\/users\/4"}],"replies":[{"embeddable":true,"href":"https:\/\/groupeproexpo.com\/saloncarrefour50ansplus\/wp-json\/wp\/v2\/comments?post=245"}],"version-history":[{"count":0,"href":"https:\/\/groupeproexpo.com\/saloncarrefour50ansplus\/wp-json\/wp\/v2\/posts\/245\/revisions"}],"wp:featuredmedia":[{"embeddable":true,"href":"https:\/\/groupeproexpo.com\/saloncarrefour50ansplus\/wp-json\/wp\/v2\/media\/3775"}],"wp:attachment":[{"href":"https:\/\/groupeproexpo.com\/saloncarrefour50ansplus\/wp-json\/wp\/v2\/media?parent=245"}],"wp:term":[{"taxonomy":"category","embeddable":true,"href":"https:\/\/groupeproexpo.com\/saloncarrefour50ansplus\/wp-json\/wp\/v2\/categories?post=245"},{"taxonomy":"post_tag","embeddable":true,"href":"https:\/\/groupeproexpo.com\/saloncarrefour50ansplus\/wp-json\/wp\/v2\/tags?post=245"}],"curies":[{"name":"wp","href":"https:\/\/api.w.org\/{rel}","templated":true}]}}