{"id":2894,"date":"2018-03-10T07:00:11","date_gmt":"2018-03-10T07:00:11","guid":{"rendered":"http:\/\/saloncarrefour50ansplus.com\/?p=2894"},"modified":"2018-03-10T07:00:11","modified_gmt":"2018-03-10T07:00:11","slug":"relever-defi-marie-josee-taillefer-rosalie-simard","status":"publish","type":"post","link":"https:\/\/groupeproexpo.com\/saloncarrefour50ansplus\/relever-defi-marie-josee-taillefer-rosalie-simard\/","title":{"rendered":"\u00abRelever un d\u00e9fi\u00bb par Marie-Jos\u00e9e Taillefer et Rosalie Simard"},"content":{"rendered":"<p>Conf\u00e9rence 2018 (Samedi 21 avril \u00e0 14h) &#8211;&nbsp;Marie-Jos\u00e9e Taillefer et sa fille Rosalie nous racontent leur histoire: Rosalie, n\u00e9e avec une surdit\u00e9, raconte son parcours, son implant cochl\u00e9aire, les obstacles et emb\u00fbches du quotidien, le tout parsem\u00e9 d\u2019anecdotes. Elles&nbsp;abordent avec humour et sensibilit\u00e9 les d\u00e9fis du quotidien. Ax\u00e9e sur les \u00e9tapes qu\u2019elles ont d\u00fb traverser \u00e0 la suite du diagnostic de surdit\u00e9 de Rosalie et de son fr\u00e8re Olivier, cette conf\u00e9rence est porteuse d\u2019espoir. Avec dynamisme, les deux femmes y livrent un t\u00e9moignage touchant et inspirant. Cette famille, bien connue du grand public, partagera son adaptation \u00e0 la surdit\u00e9 et&nbsp;ce&nbsp;qui les am\u00e8ne chaque jour \u00e0 RELEVER UN D\u00c9FI. C\u2019est l\u2019occasion d\u2019en apprendre davantage sur la surdit\u00e9.&nbsp;<\/p>\n<p>Une pr\u00e9sentation de LOBE cliniques en sant\u00e9 auditive et communication<\/p>\n","protected":false},"excerpt":{"rendered":"<div class=\"mh-excerpt\"><p>Conf\u00e9rence 2018 (Samedi 21 avril \u00e0 14h) &#8211;&nbsp;Marie-Jos\u00e9e Taillefer et sa fille Rosalie nous racontent leur histoire: Rosalie, n\u00e9e avec une surdit\u00e9, raconte son parcours, son implant cochl\u00e9aire, les obstacles et emb\u00fbches du quotidien, le <a class=\"mh-excerpt-more\" href=\"https:\/\/groupeproexpo.com\/saloncarrefour50ansplus\/relever-defi-marie-josee-taillefer-rosalie-simard\/\" title=\"\u00abRelever un d\u00e9fi\u00bb par Marie-Jos\u00e9e Taillefer et Rosalie Simard\">[&#8230;]<\/a><\/p>\n<\/div>","protected":false},"author":4,"featured_media":2809,"comment_status":"closed","ping_status":"open","sticky":false,"template":"","format":"standard","meta":{"ngg_post_thumbnail":0,"footnotes":""},"categories":[4],"tags":[],"class_list":["post-2894","post","type-post","status-publish","format-standard","has-post-thumbnail","hentry","category-nos-conferenciers-editions-anterieures"],"yoast_head":"<!-- This site is optimized with the Yoast SEO plugin v24.4 - https:\/\/yoast.com\/wordpress\/plugins\/seo\/ -->\n<title>\u00abRelever un d\u00e9fi\u00bb par Marie-Jos\u00e9e Taillefer et Rosalie Simard - Le Salon Carrefour 50 ans +<\/title>\n<meta name=\"robots\" content=\"index, follow, max-snippet:-1, max-image-preview:large, max-video-preview:-1\" \/>\n<link rel=\"canonical\" href=\"https:\/\/groupeproexpo.com\/saloncarrefour50ansplus\/relever-defi-marie-josee-taillefer-rosalie-simard\/\" \/>\n<meta property=\"og:locale\" content=\"fr_FR\" \/>\n<meta property=\"og:type\" content=\"article\" \/>\n<meta property=\"og:title\" content=\"\u00abRelever un d\u00e9fi\u00bb par Marie-Jos\u00e9e Taillefer et Rosalie Simard\" \/>\n<meta property=\"og:description\" content=\"Conf\u00e9rence 2018 (Samedi 21 avril \u00e0 14h) &#8211;&nbsp;Marie-Jos\u00e9e Taillefer et sa fille Rosalie nous racontent leur histoire: Rosalie, n\u00e9e avec une surdit\u00e9, raconte son parcours, son implant cochl\u00e9aire, les obstacles et emb\u00fbches du quotidien, le [...]\" \/>\n<meta property=\"og:url\" content=\"https:\/\/groupeproexpo.com\/saloncarrefour50ansplus\/relever-defi-marie-josee-taillefer-rosalie-simard\/\" \/>\n<meta property=\"og:site_name\" content=\"Le Salon Carrefour 50 ans +\" \/>\n<meta property=\"article:published_time\" content=\"2018-03-10T07:00:11+00:00\" \/>\n<meta property=\"og:image\" content=\"https:\/\/groupeproexpo.com\/saloncarrefour50ansplus\/wp-content\/uploads\/sites\/9\/2017\/07\/Photo-Marie-Jos\u00e9eTaillefer_RosalieSimard.jpg\" \/>\n\t<meta property=\"og:image:width\" content=\"1092\" \/>\n\t<meta property=\"og:image:height\" content=\"1095\" \/>\n\t<meta property=\"og:image:type\" content=\"image\/jpeg\" \/>\n<meta name=\"author\" content=\"roger\" \/>\n<meta name=\"twitter:card\" content=\"summary_large_image\" \/>\n<meta name=\"twitter:label1\" content=\"\u00c9crit par\" \/>\n\t<meta name=\"twitter:data1\" content=\"roger\" \/>\n\t<meta name=\"twitter:label2\" content=\"Dur\u00e9e de lecture estim\u00e9e\" \/>\n\t<meta name=\"twitter:data2\" content=\"1 minute\" \/>\n<script type=\"application\/ld+json\" class=\"yoast-schema-graph\">{\"@context\":\"https:\/\/schema.org\",\"@graph\":[{\"@type\":\"WebPage\",\"@id\":\"https:\/\/groupeproexpo.com\/saloncarrefour50ansplus\/relever-defi-marie-josee-taillefer-rosalie-simard\/\",\"url\":\"https:\/\/groupeproexpo.com\/saloncarrefour50ansplus\/relever-defi-marie-josee-taillefer-rosalie-simard\/\",\"name\":\"\u00abRelever un d\u00e9fi\u00bb par Marie-Jos\u00e9e Taillefer et Rosalie Simard - Le Salon Carrefour 50 ans +\",\"isPartOf\":{\"@id\":\"https:\/\/groupeproexpo.com\/saloncarrefour50ansplus\/#website\"},\"primaryImageOfPage\":{\"@id\":\"https:\/\/groupeproexpo.com\/saloncarrefour50ansplus\/relever-defi-marie-josee-taillefer-rosalie-simard\/#primaryimage\"},\"image\":{\"@id\":\"https:\/\/groupeproexpo.com\/saloncarrefour50ansplus\/relever-defi-marie-josee-taillefer-rosalie-simard\/#primaryimage\"},\"thumbnailUrl\":\"https:\/\/groupeproexpo.com\/saloncarrefour50ansplus\/wp-content\/uploads\/sites\/9\/2017\/07\/Photo-Marie-Jos\u00e9eTaillefer_RosalieSimard.jpg\",\"datePublished\":\"2018-03-10T07:00:11+00:00\",\"author\":{\"@id\":\"https:\/\/groupeproexpo.com\/saloncarrefour50ansplus\/#\/schema\/person\/d8b947343e1b1b31b839f262ba3d03c7\"},\"breadcrumb\":{\"@id\":\"https:\/\/groupeproexpo.com\/saloncarrefour50ansplus\/relever-defi-marie-josee-taillefer-rosalie-simard\/#breadcrumb\"},\"inLanguage\":\"fr-FR\",\"potentialAction\":[{\"@type\":\"ReadAction\",\"target\":[\"https:\/\/groupeproexpo.com\/saloncarrefour50ansplus\/relever-defi-marie-josee-taillefer-rosalie-simard\/\"]}]},{\"@type\":\"ImageObject\",\"inLanguage\":\"fr-FR\",\"@id\":\"https:\/\/groupeproexpo.com\/saloncarrefour50ansplus\/relever-defi-marie-josee-taillefer-rosalie-simard\/#primaryimage\",\"url\":\"https:\/\/groupeproexpo.com\/saloncarrefour50ansplus\/wp-content\/uploads\/sites\/9\/2017\/07\/Photo-Marie-Jos\u00e9eTaillefer_RosalieSimard.jpg\",\"contentUrl\":\"https:\/\/groupeproexpo.com\/saloncarrefour50ansplus\/wp-content\/uploads\/sites\/9\/2017\/07\/Photo-Marie-Jos\u00e9eTaillefer_RosalieSimard.jpg\",\"width\":1092,\"height\":1095},{\"@type\":\"BreadcrumbList\",\"@id\":\"https:\/\/groupeproexpo.com\/saloncarrefour50ansplus\/relever-defi-marie-josee-taillefer-rosalie-simard\/#breadcrumb\",\"itemListElement\":[{\"@type\":\"ListItem\",\"position\":1,\"name\":\"Accueil\",\"item\":\"https:\/\/groupeproexpo.com\/saloncarrefour50ansplus\/\"},{\"@type\":\"ListItem\",\"position\":2,\"name\":\"\u00abRelever un d\u00e9fi\u00bb par Marie-Jos\u00e9e Taillefer et Rosalie Simard\"}]},{\"@type\":\"WebSite\",\"@id\":\"https:\/\/groupeproexpo.com\/saloncarrefour50ansplus\/#website\",\"url\":\"https:\/\/groupeproexpo.com\/saloncarrefour50ansplus\/\",\"name\":\"Le Salon Carrefour 50 ans +\",\"description\":\"12 au 14 avril 2024\",\"potentialAction\":[{\"@type\":\"SearchAction\",\"target\":{\"@type\":\"EntryPoint\",\"urlTemplate\":\"https:\/\/groupeproexpo.com\/saloncarrefour50ansplus\/?s={search_term_string}\"},\"query-input\":{\"@type\":\"PropertyValueSpecification\",\"valueRequired\":true,\"valueName\":\"search_term_string\"}}],\"inLanguage\":\"fr-FR\"},{\"@type\":\"Person\",\"@id\":\"https:\/\/groupeproexpo.com\/saloncarrefour50ansplus\/#\/schema\/person\/d8b947343e1b1b31b839f262ba3d03c7\",\"name\":\"roger\",\"image\":{\"@type\":\"ImageObject\",\"inLanguage\":\"fr-FR\",\"@id\":\"https:\/\/groupeproexpo.com\/saloncarrefour50ansplus\/#\/schema\/person\/image\/\",\"url\":\"https:\/\/secure.gravatar.com\/avatar\/15a77a6584b86855ec6fe21668fa40f8?s=96&d=mm&r=g\",\"contentUrl\":\"https:\/\/secure.gravatar.com\/avatar\/15a77a6584b86855ec6fe21668fa40f8?s=96&d=mm&r=g\",\"caption\":\"roger\"},\"url\":\"https:\/\/groupeproexpo.com\/saloncarrefour50ansplus\/author\/roger\/\"}]}<\/script>\n<!-- \/ Yoast SEO plugin. -->","yoast_head_json":{"title":"\u00abRelever un d\u00e9fi\u00bb par Marie-Jos\u00e9e Taillefer et Rosalie Simard - Le Salon Carrefour 50 ans +","robots":{"index":"index","follow":"follow","max-snippet":"max-snippet:-1","max-image-preview":"max-image-preview:large","max-video-preview":"max-video-preview:-1"},"canonical":"https:\/\/groupeproexpo.com\/saloncarrefour50ansplus\/relever-defi-marie-josee-taillefer-rosalie-simard\/","og_locale":"fr_FR","og_type":"article","og_title":"\u00abRelever un d\u00e9fi\u00bb par Marie-Jos\u00e9e Taillefer et Rosalie Simard","og_description":"Conf\u00e9rence 2018 (Samedi 21 avril \u00e0 14h) &#8211;&nbsp;Marie-Jos\u00e9e Taillefer et sa fille Rosalie nous racontent leur histoire: Rosalie, n\u00e9e avec une surdit\u00e9, raconte son parcours, son implant cochl\u00e9aire, les obstacles et emb\u00fbches du quotidien, le [...]","og_url":"https:\/\/groupeproexpo.com\/saloncarrefour50ansplus\/relever-defi-marie-josee-taillefer-rosalie-simard\/","og_site_name":"Le Salon Carrefour 50 ans +","article_published_time":"2018-03-10T07:00:11+00:00","og_image":[{"width":1092,"height":1095,"url":"https:\/\/groupeproexpo.com\/saloncarrefour50ansplus\/wp-content\/uploads\/sites\/9\/2017\/07\/Photo-Marie-Jos\u00e9eTaillefer_RosalieSimard.jpg","type":"image\/jpeg"}],"author":"roger","twitter_card":"summary_large_image","twitter_misc":{"\u00c9crit par":"roger","Dur\u00e9e de lecture estim\u00e9e":"1 minute"},"schema":{"@context":"https:\/\/schema.org","@graph":[{"@type":"WebPage","@id":"https:\/\/groupeproexpo.com\/saloncarrefour50ansplus\/relever-defi-marie-josee-taillefer-rosalie-simard\/","url":"https:\/\/groupeproexpo.com\/saloncarrefour50ansplus\/relever-defi-marie-josee-taillefer-rosalie-simard\/","name":"\u00abRelever un d\u00e9fi\u00bb par Marie-Jos\u00e9e Taillefer et Rosalie Simard - Le Salon Carrefour 50 ans +","isPartOf":{"@id":"https:\/\/groupeproexpo.com\/saloncarrefour50ansplus\/#website"},"primaryImageOfPage":{"@id":"https:\/\/groupeproexpo.com\/saloncarrefour50ansplus\/relever-defi-marie-josee-taillefer-rosalie-simard\/#primaryimage"},"image":{"@id":"https:\/\/groupeproexpo.com\/saloncarrefour50ansplus\/relever-defi-marie-josee-taillefer-rosalie-simard\/#primaryimage"},"thumbnailUrl":"https:\/\/groupeproexpo.com\/saloncarrefour50ansplus\/wp-content\/uploads\/sites\/9\/2017\/07\/Photo-Marie-Jos\u00e9eTaillefer_RosalieSimard.jpg","datePublished":"2018-03-10T07:00:11+00:00","author":{"@id":"https:\/\/groupeproexpo.com\/saloncarrefour50ansplus\/#\/schema\/person\/d8b947343e1b1b31b839f262ba3d03c7"},"breadcrumb":{"@id":"https:\/\/groupeproexpo.com\/saloncarrefour50ansplus\/relever-defi-marie-josee-taillefer-rosalie-simard\/#breadcrumb"},"inLanguage":"fr-FR","potentialAction":[{"@type":"ReadAction","target":["https:\/\/groupeproexpo.com\/saloncarrefour50ansplus\/relever-defi-marie-josee-taillefer-rosalie-simard\/"]}]},{"@type":"ImageObject","inLanguage":"fr-FR","@id":"https:\/\/groupeproexpo.com\/saloncarrefour50ansplus\/relever-defi-marie-josee-taillefer-rosalie-simard\/#primaryimage","url":"https:\/\/groupeproexpo.com\/saloncarrefour50ansplus\/wp-content\/uploads\/sites\/9\/2017\/07\/Photo-Marie-Jos\u00e9eTaillefer_RosalieSimard.jpg","contentUrl":"https:\/\/groupeproexpo.com\/saloncarrefour50ansplus\/wp-content\/uploads\/sites\/9\/2017\/07\/Photo-Marie-Jos\u00e9eTaillefer_RosalieSimard.jpg","width":1092,"height":1095},{"@type":"BreadcrumbList","@id":"https:\/\/groupeproexpo.com\/saloncarrefour50ansplus\/relever-defi-marie-josee-taillefer-rosalie-simard\/#breadcrumb","itemListElement":[{"@type":"ListItem","position":1,"name":"Accueil","item":"https:\/\/groupeproexpo.com\/saloncarrefour50ansplus\/"},{"@type":"ListItem","position":2,"name":"\u00abRelever un d\u00e9fi\u00bb par Marie-Jos\u00e9e Taillefer et Rosalie Simard"}]},{"@type":"WebSite","@id":"https:\/\/groupeproexpo.com\/saloncarrefour50ansplus\/#website","url":"https:\/\/groupeproexpo.com\/saloncarrefour50ansplus\/","name":"Le Salon Carrefour 50 ans +","description":"12 au 14 avril 2024","potentialAction":[{"@type":"SearchAction","target":{"@type":"EntryPoint","urlTemplate":"https:\/\/groupeproexpo.com\/saloncarrefour50ansplus\/?s={search_term_string}"},"query-input":{"@type":"PropertyValueSpecification","valueRequired":true,"valueName":"search_term_string"}}],"inLanguage":"fr-FR"},{"@type":"Person","@id":"https:\/\/groupeproexpo.com\/saloncarrefour50ansplus\/#\/schema\/person\/d8b947343e1b1b31b839f262ba3d03c7","name":"roger","image":{"@type":"ImageObject","inLanguage":"fr-FR","@id":"https:\/\/groupeproexpo.com\/saloncarrefour50ansplus\/#\/schema\/person\/image\/","url":"https:\/\/secure.gravatar.com\/avatar\/15a77a6584b86855ec6fe21668fa40f8?s=96&d=mm&r=g","contentUrl":"https:\/\/secure.gravatar.com\/avatar\/15a77a6584b86855ec6fe21668fa40f8?s=96&d=mm&r=g","caption":"roger"},"url":"https:\/\/groupeproexpo.com\/saloncarrefour50ansplus\/author\/roger\/"}]}},"_links":{"self":[{"href":"https:\/\/groupeproexpo.com\/saloncarrefour50ansplus\/wp-json\/wp\/v2\/posts\/2894","targetHints":{"allow":["GET"]}}],"collection":[{"href":"https:\/\/groupeproexpo.com\/saloncarrefour50ansplus\/wp-json\/wp\/v2\/posts"}],"about":[{"href":"https:\/\/groupeproexpo.com\/saloncarrefour50ansplus\/wp-json\/wp\/v2\/types\/post"}],"author":[{"embeddable":true,"href":"https:\/\/groupeproexpo.com\/saloncarrefour50ansplus\/wp-json\/wp\/v2\/users\/4"}],"replies":[{"embeddable":true,"href":"https:\/\/groupeproexpo.com\/saloncarrefour50ansplus\/wp-json\/wp\/v2\/comments?post=2894"}],"version-history":[{"count":0,"href":"https:\/\/groupeproexpo.com\/saloncarrefour50ansplus\/wp-json\/wp\/v2\/posts\/2894\/revisions"}],"wp:featuredmedia":[{"embeddable":true,"href":"https:\/\/groupeproexpo.com\/saloncarrefour50ansplus\/wp-json\/wp\/v2\/media\/2809"}],"wp:attachment":[{"href":"https:\/\/groupeproexpo.com\/saloncarrefour50ansplus\/wp-json\/wp\/v2\/media?parent=2894"}],"wp:term":[{"taxonomy":"category","embeddable":true,"href":"https:\/\/groupeproexpo.com\/saloncarrefour50ansplus\/wp-json\/wp\/v2\/categories?post=2894"},{"taxonomy":"post_tag","embeddable":true,"href":"https:\/\/groupeproexpo.com\/saloncarrefour50ansplus\/wp-json\/wp\/v2\/tags?post=2894"}],"curies":[{"name":"wp","href":"https:\/\/api.w.org\/{rel}","templated":true}]}}