{"id":359,"date":"2018-09-06T15:27:34","date_gmt":"2018-09-06T15:27:34","guid":{"rendered":"http:\/\/saloncarrefour50ansplus.com\/?p=359"},"modified":"2018-09-06T15:27:34","modified_gmt":"2018-09-06T15:27:34","slug":"2017-aromas-naturales","status":"publish","type":"post","link":"https:\/\/groupeproexpo.com\/saloncarrefour50ansplus\/2017-aromas-naturales\/","title":{"rendered":"AROMAS NATURALES"},"content":{"rendered":"<p>C\u2019est avec fiert\u00e9 qu\u2019&nbsp;Aromas Naturales Inc.&nbsp;et son \u00e9quipe contribue \u00e0 l\u2019am\u00e9lioration et \u00e0 l\u2019assainissement de l\u2019environnement pour des milliers de familles qui, \u00e0 leur tour, ont pu profiter des bienfaits de nos fragrances. En transformant les odeurs ind\u00e9sirables pr\u00e9sentes dans l\u2019air ambiant, les espaces priv\u00e9s ou publics (chambres, salons, cuisines, salles de bain, bureaux, m\u00eame les v\u00e9hicules) se retrouvent purifi\u00e9s, rafra\u00eechis, embaum\u00e9s gr\u00e2ce \u00e0 une symphonie aromatique per\u00e7ue par les nez les plus d\u00e9licats et que la m\u00e9moire olfactive ne peut oublier.&nbsp;<a href=\"https:\/\/l.facebook.com\/l.php?u=http%3A%2F%2Fwww.aromas.ca%2Findex.htm&amp;h=ATOU62jv7pRUTm1IVLHrpWIUtnimhP5aK6gA_brX-bs3LhxZcve3_gwjmDluDOTOO9P6Eb9ARy05lzyT-6rzFqIZhbRerGkTT8KO2H0UKYMYEaOuZpHfiKTcVHzd4CV3Ahk7nD3pg-PIxxdiMK_h98k&amp;enc=AZN_ZRLRi_wf5NfZtwxCKitOEFNN_TatC032oDkklxhMOEdNYPpdnFlBf8QBKfmTcdLTL72fC-_zHV0Oat47PueeQMrS5KvUx_RfAbYvDdJrJT44okj_4yotRV2YQOWHO0O9kAbn6AKC2d5gwNEl5TqbqH70nGC2mGnI4g2lRjj3H3UXpGZO8n7beRwz6NY7PPfDfqbeyA8lDQMxDrfbrSyY&amp;s=1\" target=\"_blank\" rel=\"nofollow noopener\">http:\/\/www.aromas.ca\/index.htm<\/a><\/p>\n","protected":false},"excerpt":{"rendered":"<div class=\"mh-excerpt\"><p>C\u2019est avec fiert\u00e9 qu\u2019&nbsp;Aromas Naturales Inc.&nbsp;et son \u00e9quipe contribue \u00e0 l\u2019am\u00e9lioration et \u00e0 l\u2019assainissement de l\u2019environnement pour des milliers de familles qui, \u00e0 leur tour, ont pu profiter des bienfaits de nos fragrances. En transformant <a class=\"mh-excerpt-more\" href=\"https:\/\/groupeproexpo.com\/saloncarrefour50ansplus\/2017-aromas-naturales\/\" title=\"AROMAS NATURALES\">[&#8230;]<\/a><\/p>\n<\/div>","protected":false},"author":4,"featured_media":3778,"comment_status":"closed","ping_status":"open","sticky":false,"template":"","format":"standard","meta":{"ngg_post_thumbnail":0,"footnotes":""},"categories":[2],"tags":[],"class_list":["post-359","post","type-post","status-publish","format-standard","has-post-thumbnail","hentry","category-entreprises-et-organismes"],"yoast_head":"<!-- This site is optimized with the Yoast SEO plugin v24.4 - https:\/\/yoast.com\/wordpress\/plugins\/seo\/ -->\n<title>AROMAS NATURALES - Le Salon Carrefour 50 ans +<\/title>\n<meta name=\"robots\" content=\"index, follow, max-snippet:-1, max-image-preview:large, max-video-preview:-1\" \/>\n<link rel=\"canonical\" href=\"https:\/\/groupeproexpo.com\/saloncarrefour50ansplus\/2017-aromas-naturales\/\" \/>\n<meta property=\"og:locale\" content=\"fr_FR\" \/>\n<meta property=\"og:type\" content=\"article\" \/>\n<meta property=\"og:title\" content=\"AROMAS NATURALES - Le Salon Carrefour 50 ans +\" \/>\n<meta property=\"og:description\" content=\"C\u2019est avec fiert\u00e9 qu\u2019&nbsp;Aromas Naturales Inc.&nbsp;et son \u00e9quipe contribue \u00e0 l\u2019am\u00e9lioration et \u00e0 l\u2019assainissement de l\u2019environnement pour des milliers de familles qui, \u00e0 leur tour, ont pu profiter des bienfaits de nos fragrances. En transformant [...]\" \/>\n<meta property=\"og:url\" content=\"https:\/\/groupeproexpo.com\/saloncarrefour50ansplus\/2017-aromas-naturales\/\" \/>\n<meta property=\"og:site_name\" content=\"Le Salon Carrefour 50 ans +\" \/>\n<meta property=\"article:published_time\" content=\"2018-09-06T15:27:34+00:00\" \/>\n<meta property=\"og:image\" content=\"https:\/\/groupeproexpo.com\/saloncarrefour50ansplus\/wp-content\/uploads\/sites\/9\/2018\/09\/MAISON.jpg\" \/>\n\t<meta property=\"og:image:width\" content=\"1920\" \/>\n\t<meta property=\"og:image:height\" content=\"1080\" \/>\n\t<meta property=\"og:image:type\" content=\"image\/jpeg\" \/>\n<meta name=\"author\" content=\"roger\" \/>\n<meta name=\"twitter:card\" content=\"summary_large_image\" \/>\n<meta name=\"twitter:label1\" content=\"\u00c9crit par\" \/>\n\t<meta name=\"twitter:data1\" content=\"roger\" \/>\n\t<meta name=\"twitter:label2\" content=\"Dur\u00e9e de lecture estim\u00e9e\" \/>\n\t<meta name=\"twitter:data2\" content=\"1 minute\" \/>\n<script type=\"application\/ld+json\" class=\"yoast-schema-graph\">{\"@context\":\"https:\/\/schema.org\",\"@graph\":[{\"@type\":\"WebPage\",\"@id\":\"https:\/\/groupeproexpo.com\/saloncarrefour50ansplus\/2017-aromas-naturales\/\",\"url\":\"https:\/\/groupeproexpo.com\/saloncarrefour50ansplus\/2017-aromas-naturales\/\",\"name\":\"AROMAS NATURALES - Le Salon Carrefour 50 ans +\",\"isPartOf\":{\"@id\":\"https:\/\/groupeproexpo.com\/saloncarrefour50ansplus\/#website\"},\"primaryImageOfPage\":{\"@id\":\"https:\/\/groupeproexpo.com\/saloncarrefour50ansplus\/2017-aromas-naturales\/#primaryimage\"},\"image\":{\"@id\":\"https:\/\/groupeproexpo.com\/saloncarrefour50ansplus\/2017-aromas-naturales\/#primaryimage\"},\"thumbnailUrl\":\"https:\/\/groupeproexpo.com\/saloncarrefour50ansplus\/wp-content\/uploads\/sites\/9\/2018\/09\/MAISON.jpg\",\"datePublished\":\"2018-09-06T15:27:34+00:00\",\"author\":{\"@id\":\"https:\/\/groupeproexpo.com\/saloncarrefour50ansplus\/#\/schema\/person\/d8b947343e1b1b31b839f262ba3d03c7\"},\"breadcrumb\":{\"@id\":\"https:\/\/groupeproexpo.com\/saloncarrefour50ansplus\/2017-aromas-naturales\/#breadcrumb\"},\"inLanguage\":\"fr-FR\",\"potentialAction\":[{\"@type\":\"ReadAction\",\"target\":[\"https:\/\/groupeproexpo.com\/saloncarrefour50ansplus\/2017-aromas-naturales\/\"]}]},{\"@type\":\"ImageObject\",\"inLanguage\":\"fr-FR\",\"@id\":\"https:\/\/groupeproexpo.com\/saloncarrefour50ansplus\/2017-aromas-naturales\/#primaryimage\",\"url\":\"https:\/\/groupeproexpo.com\/saloncarrefour50ansplus\/wp-content\/uploads\/sites\/9\/2018\/09\/MAISON.jpg\",\"contentUrl\":\"https:\/\/groupeproexpo.com\/saloncarrefour50ansplus\/wp-content\/uploads\/sites\/9\/2018\/09\/MAISON.jpg\",\"width\":1920,\"height\":1080},{\"@type\":\"BreadcrumbList\",\"@id\":\"https:\/\/groupeproexpo.com\/saloncarrefour50ansplus\/2017-aromas-naturales\/#breadcrumb\",\"itemListElement\":[{\"@type\":\"ListItem\",\"position\":1,\"name\":\"Accueil\",\"item\":\"https:\/\/groupeproexpo.com\/saloncarrefour50ansplus\/\"},{\"@type\":\"ListItem\",\"position\":2,\"name\":\"AROMAS NATURALES\"}]},{\"@type\":\"WebSite\",\"@id\":\"https:\/\/groupeproexpo.com\/saloncarrefour50ansplus\/#website\",\"url\":\"https:\/\/groupeproexpo.com\/saloncarrefour50ansplus\/\",\"name\":\"Le Salon Carrefour 50 ans +\",\"description\":\"12 au 14 avril 2024\",\"potentialAction\":[{\"@type\":\"SearchAction\",\"target\":{\"@type\":\"EntryPoint\",\"urlTemplate\":\"https:\/\/groupeproexpo.com\/saloncarrefour50ansplus\/?s={search_term_string}\"},\"query-input\":{\"@type\":\"PropertyValueSpecification\",\"valueRequired\":true,\"valueName\":\"search_term_string\"}}],\"inLanguage\":\"fr-FR\"},{\"@type\":\"Person\",\"@id\":\"https:\/\/groupeproexpo.com\/saloncarrefour50ansplus\/#\/schema\/person\/d8b947343e1b1b31b839f262ba3d03c7\",\"name\":\"roger\",\"image\":{\"@type\":\"ImageObject\",\"inLanguage\":\"fr-FR\",\"@id\":\"https:\/\/groupeproexpo.com\/saloncarrefour50ansplus\/#\/schema\/person\/image\/\",\"url\":\"https:\/\/secure.gravatar.com\/avatar\/15a77a6584b86855ec6fe21668fa40f8?s=96&d=mm&r=g\",\"contentUrl\":\"https:\/\/secure.gravatar.com\/avatar\/15a77a6584b86855ec6fe21668fa40f8?s=96&d=mm&r=g\",\"caption\":\"roger\"},\"url\":\"https:\/\/groupeproexpo.com\/saloncarrefour50ansplus\/author\/roger\/\"}]}<\/script>\n<!-- \/ Yoast SEO plugin. -->","yoast_head_json":{"title":"AROMAS NATURALES - Le Salon Carrefour 50 ans +","robots":{"index":"index","follow":"follow","max-snippet":"max-snippet:-1","max-image-preview":"max-image-preview:large","max-video-preview":"max-video-preview:-1"},"canonical":"https:\/\/groupeproexpo.com\/saloncarrefour50ansplus\/2017-aromas-naturales\/","og_locale":"fr_FR","og_type":"article","og_title":"AROMAS NATURALES - Le Salon Carrefour 50 ans +","og_description":"C\u2019est avec fiert\u00e9 qu\u2019&nbsp;Aromas Naturales Inc.&nbsp;et son \u00e9quipe contribue \u00e0 l\u2019am\u00e9lioration et \u00e0 l\u2019assainissement de l\u2019environnement pour des milliers de familles qui, \u00e0 leur tour, ont pu profiter des bienfaits de nos fragrances. En transformant [...]","og_url":"https:\/\/groupeproexpo.com\/saloncarrefour50ansplus\/2017-aromas-naturales\/","og_site_name":"Le Salon Carrefour 50 ans +","article_published_time":"2018-09-06T15:27:34+00:00","og_image":[{"width":1920,"height":1080,"url":"https:\/\/groupeproexpo.com\/saloncarrefour50ansplus\/wp-content\/uploads\/sites\/9\/2018\/09\/MAISON.jpg","type":"image\/jpeg"}],"author":"roger","twitter_card":"summary_large_image","twitter_misc":{"\u00c9crit par":"roger","Dur\u00e9e de lecture estim\u00e9e":"1 minute"},"schema":{"@context":"https:\/\/schema.org","@graph":[{"@type":"WebPage","@id":"https:\/\/groupeproexpo.com\/saloncarrefour50ansplus\/2017-aromas-naturales\/","url":"https:\/\/groupeproexpo.com\/saloncarrefour50ansplus\/2017-aromas-naturales\/","name":"AROMAS NATURALES - Le Salon Carrefour 50 ans +","isPartOf":{"@id":"https:\/\/groupeproexpo.com\/saloncarrefour50ansplus\/#website"},"primaryImageOfPage":{"@id":"https:\/\/groupeproexpo.com\/saloncarrefour50ansplus\/2017-aromas-naturales\/#primaryimage"},"image":{"@id":"https:\/\/groupeproexpo.com\/saloncarrefour50ansplus\/2017-aromas-naturales\/#primaryimage"},"thumbnailUrl":"https:\/\/groupeproexpo.com\/saloncarrefour50ansplus\/wp-content\/uploads\/sites\/9\/2018\/09\/MAISON.jpg","datePublished":"2018-09-06T15:27:34+00:00","author":{"@id":"https:\/\/groupeproexpo.com\/saloncarrefour50ansplus\/#\/schema\/person\/d8b947343e1b1b31b839f262ba3d03c7"},"breadcrumb":{"@id":"https:\/\/groupeproexpo.com\/saloncarrefour50ansplus\/2017-aromas-naturales\/#breadcrumb"},"inLanguage":"fr-FR","potentialAction":[{"@type":"ReadAction","target":["https:\/\/groupeproexpo.com\/saloncarrefour50ansplus\/2017-aromas-naturales\/"]}]},{"@type":"ImageObject","inLanguage":"fr-FR","@id":"https:\/\/groupeproexpo.com\/saloncarrefour50ansplus\/2017-aromas-naturales\/#primaryimage","url":"https:\/\/groupeproexpo.com\/saloncarrefour50ansplus\/wp-content\/uploads\/sites\/9\/2018\/09\/MAISON.jpg","contentUrl":"https:\/\/groupeproexpo.com\/saloncarrefour50ansplus\/wp-content\/uploads\/sites\/9\/2018\/09\/MAISON.jpg","width":1920,"height":1080},{"@type":"BreadcrumbList","@id":"https:\/\/groupeproexpo.com\/saloncarrefour50ansplus\/2017-aromas-naturales\/#breadcrumb","itemListElement":[{"@type":"ListItem","position":1,"name":"Accueil","item":"https:\/\/groupeproexpo.com\/saloncarrefour50ansplus\/"},{"@type":"ListItem","position":2,"name":"AROMAS NATURALES"}]},{"@type":"WebSite","@id":"https:\/\/groupeproexpo.com\/saloncarrefour50ansplus\/#website","url":"https:\/\/groupeproexpo.com\/saloncarrefour50ansplus\/","name":"Le Salon Carrefour 50 ans +","description":"12 au 14 avril 2024","potentialAction":[{"@type":"SearchAction","target":{"@type":"EntryPoint","urlTemplate":"https:\/\/groupeproexpo.com\/saloncarrefour50ansplus\/?s={search_term_string}"},"query-input":{"@type":"PropertyValueSpecification","valueRequired":true,"valueName":"search_term_string"}}],"inLanguage":"fr-FR"},{"@type":"Person","@id":"https:\/\/groupeproexpo.com\/saloncarrefour50ansplus\/#\/schema\/person\/d8b947343e1b1b31b839f262ba3d03c7","name":"roger","image":{"@type":"ImageObject","inLanguage":"fr-FR","@id":"https:\/\/groupeproexpo.com\/saloncarrefour50ansplus\/#\/schema\/person\/image\/","url":"https:\/\/secure.gravatar.com\/avatar\/15a77a6584b86855ec6fe21668fa40f8?s=96&d=mm&r=g","contentUrl":"https:\/\/secure.gravatar.com\/avatar\/15a77a6584b86855ec6fe21668fa40f8?s=96&d=mm&r=g","caption":"roger"},"url":"https:\/\/groupeproexpo.com\/saloncarrefour50ansplus\/author\/roger\/"}]}},"_links":{"self":[{"href":"https:\/\/groupeproexpo.com\/saloncarrefour50ansplus\/wp-json\/wp\/v2\/posts\/359","targetHints":{"allow":["GET"]}}],"collection":[{"href":"https:\/\/groupeproexpo.com\/saloncarrefour50ansplus\/wp-json\/wp\/v2\/posts"}],"about":[{"href":"https:\/\/groupeproexpo.com\/saloncarrefour50ansplus\/wp-json\/wp\/v2\/types\/post"}],"author":[{"embeddable":true,"href":"https:\/\/groupeproexpo.com\/saloncarrefour50ansplus\/wp-json\/wp\/v2\/users\/4"}],"replies":[{"embeddable":true,"href":"https:\/\/groupeproexpo.com\/saloncarrefour50ansplus\/wp-json\/wp\/v2\/comments?post=359"}],"version-history":[{"count":0,"href":"https:\/\/groupeproexpo.com\/saloncarrefour50ansplus\/wp-json\/wp\/v2\/posts\/359\/revisions"}],"wp:featuredmedia":[{"embeddable":true,"href":"https:\/\/groupeproexpo.com\/saloncarrefour50ansplus\/wp-json\/wp\/v2\/media\/3778"}],"wp:attachment":[{"href":"https:\/\/groupeproexpo.com\/saloncarrefour50ansplus\/wp-json\/wp\/v2\/media?parent=359"}],"wp:term":[{"taxonomy":"category","embeddable":true,"href":"https:\/\/groupeproexpo.com\/saloncarrefour50ansplus\/wp-json\/wp\/v2\/categories?post=359"},{"taxonomy":"post_tag","embeddable":true,"href":"https:\/\/groupeproexpo.com\/saloncarrefour50ansplus\/wp-json\/wp\/v2\/tags?post=359"}],"curies":[{"name":"wp","href":"https:\/\/api.w.org\/{rel}","templated":true}]}}