{"id":3953,"date":"2019-01-11T16:24:36","date_gmt":"2019-01-11T16:24:36","guid":{"rendered":"http:\/\/saloncarrefour50ansplus.com\/?p=3953"},"modified":"2019-01-11T16:24:36","modified_gmt":"2019-01-11T16:24:36","slug":"avalanche","status":"publish","type":"post","link":"https:\/\/groupeproexpo.com\/saloncarrefour50ansplus\/avalanche\/","title":{"rendered":"AVALANCHE"},"content":{"rendered":"<p>Sp\u00e9cialis\u00e9e dans le design et la confection de v\u00eatements automne-hiver-printemps, l\u2019entreprise qu\u00e9b\u00e9coise Avalanche est fi\u00e8re de vous offrir depuis 1986 des tenues chaudes et confortables avec une conception unique pouvant braver toutes les conditions climatiques. L\u2019entreprise collabore avec de nombreuses organisations d\u2019envergure telles que Radio Canada, Air Canada\/Jazz, le <em>Rouge et or<\/em> de l\u2019Universit\u00e9 Laval et bien d\u2019autres. Au-del\u00e0 du style et de la durabilit\u00e9,&nbsp;Avalanche est reconnue comme un chef de file mondial dans le domaine du v\u00eatement de ski. Les v\u00eatements Avalanche s&rsquo;affichent sur les pentes de plus de 400 centres et clubs de ski de l&rsquo;Am\u00e9rique du Nord et de l&rsquo;Europe gr\u00e2ce \u00e0 leurs qualit\u00e9s exceptionnelles.&nbsp;<a href=\"https:\/\/www.avalancheskiwear.com\/\" target=\"_blank\" rel=\"noopener\">https:\/\/www.avalancheskiwear.com\/<\/a><\/p>\n","protected":false},"excerpt":{"rendered":"<div class=\"mh-excerpt\"><p>Sp\u00e9cialis\u00e9e dans le design et la confection de v\u00eatements automne-hiver-printemps, l\u2019entreprise qu\u00e9b\u00e9coise Avalanche est fi\u00e8re de vous offrir depuis 1986 des tenues chaudes et confortables avec une conception unique pouvant braver toutes les conditions climatiques. <a class=\"mh-excerpt-more\" href=\"https:\/\/groupeproexpo.com\/saloncarrefour50ansplus\/avalanche\/\" title=\"AVALANCHE\">[&#8230;]<\/a><\/p>\n<\/div>","protected":false},"author":4,"featured_media":3791,"comment_status":"closed","ping_status":"open","sticky":false,"template":"","format":"standard","meta":{"ngg_post_thumbnail":0,"footnotes":""},"categories":[2],"tags":[],"class_list":["post-3953","post","type-post","status-publish","format-standard","has-post-thumbnail","hentry","category-entreprises-et-organismes"],"yoast_head":"<!-- This site is optimized with the Yoast SEO plugin v24.4 - https:\/\/yoast.com\/wordpress\/plugins\/seo\/ -->\n<title>AVALANCHE - Le Salon Carrefour 50 ans +<\/title>\n<meta name=\"robots\" content=\"index, follow, max-snippet:-1, max-image-preview:large, max-video-preview:-1\" \/>\n<link rel=\"canonical\" href=\"https:\/\/groupeproexpo.com\/saloncarrefour50ansplus\/avalanche\/\" \/>\n<meta property=\"og:locale\" content=\"fr_FR\" \/>\n<meta property=\"og:type\" content=\"article\" \/>\n<meta property=\"og:title\" content=\"AVALANCHE - Le Salon Carrefour 50 ans +\" \/>\n<meta property=\"og:description\" content=\"Sp\u00e9cialis\u00e9e dans le design et la confection de v\u00eatements automne-hiver-printemps, l\u2019entreprise qu\u00e9b\u00e9coise Avalanche est fi\u00e8re de vous offrir depuis 1986 des tenues chaudes et confortables avec une conception unique pouvant braver toutes les conditions climatiques. [...]\" \/>\n<meta property=\"og:url\" content=\"https:\/\/groupeproexpo.com\/saloncarrefour50ansplus\/avalanche\/\" \/>\n<meta property=\"og:site_name\" content=\"Le Salon Carrefour 50 ans +\" \/>\n<meta property=\"article:published_time\" content=\"2019-01-11T16:24:36+00:00\" \/>\n<meta property=\"og:image\" content=\"https:\/\/groupeproexpo.com\/saloncarrefour50ansplus\/wp-content\/uploads\/sites\/9\/2018\/09\/VETEMENT-CADRE-BLEU.jpg\" \/>\n\t<meta property=\"og:image:width\" content=\"1920\" \/>\n\t<meta property=\"og:image:height\" content=\"1080\" \/>\n\t<meta property=\"og:image:type\" content=\"image\/jpeg\" \/>\n<meta name=\"author\" content=\"roger\" \/>\n<meta name=\"twitter:card\" content=\"summary_large_image\" \/>\n<meta name=\"twitter:label1\" content=\"\u00c9crit par\" \/>\n\t<meta name=\"twitter:data1\" content=\"roger\" \/>\n\t<meta name=\"twitter:label2\" content=\"Dur\u00e9e de lecture estim\u00e9e\" \/>\n\t<meta name=\"twitter:data2\" content=\"1 minute\" \/>\n<script type=\"application\/ld+json\" class=\"yoast-schema-graph\">{\"@context\":\"https:\/\/schema.org\",\"@graph\":[{\"@type\":\"WebPage\",\"@id\":\"https:\/\/groupeproexpo.com\/saloncarrefour50ansplus\/avalanche\/\",\"url\":\"https:\/\/groupeproexpo.com\/saloncarrefour50ansplus\/avalanche\/\",\"name\":\"AVALANCHE - Le Salon Carrefour 50 ans +\",\"isPartOf\":{\"@id\":\"https:\/\/groupeproexpo.com\/saloncarrefour50ansplus\/#website\"},\"primaryImageOfPage\":{\"@id\":\"https:\/\/groupeproexpo.com\/saloncarrefour50ansplus\/avalanche\/#primaryimage\"},\"image\":{\"@id\":\"https:\/\/groupeproexpo.com\/saloncarrefour50ansplus\/avalanche\/#primaryimage\"},\"thumbnailUrl\":\"https:\/\/groupeproexpo.com\/saloncarrefour50ansplus\/wp-content\/uploads\/sites\/9\/2018\/09\/VETEMENT-CADRE-BLEU.jpg\",\"datePublished\":\"2019-01-11T16:24:36+00:00\",\"author\":{\"@id\":\"https:\/\/groupeproexpo.com\/saloncarrefour50ansplus\/#\/schema\/person\/d8b947343e1b1b31b839f262ba3d03c7\"},\"breadcrumb\":{\"@id\":\"https:\/\/groupeproexpo.com\/saloncarrefour50ansplus\/avalanche\/#breadcrumb\"},\"inLanguage\":\"fr-FR\",\"potentialAction\":[{\"@type\":\"ReadAction\",\"target\":[\"https:\/\/groupeproexpo.com\/saloncarrefour50ansplus\/avalanche\/\"]}]},{\"@type\":\"ImageObject\",\"inLanguage\":\"fr-FR\",\"@id\":\"https:\/\/groupeproexpo.com\/saloncarrefour50ansplus\/avalanche\/#primaryimage\",\"url\":\"https:\/\/groupeproexpo.com\/saloncarrefour50ansplus\/wp-content\/uploads\/sites\/9\/2018\/09\/VETEMENT-CADRE-BLEU.jpg\",\"contentUrl\":\"https:\/\/groupeproexpo.com\/saloncarrefour50ansplus\/wp-content\/uploads\/sites\/9\/2018\/09\/VETEMENT-CADRE-BLEU.jpg\",\"width\":1920,\"height\":1080},{\"@type\":\"BreadcrumbList\",\"@id\":\"https:\/\/groupeproexpo.com\/saloncarrefour50ansplus\/avalanche\/#breadcrumb\",\"itemListElement\":[{\"@type\":\"ListItem\",\"position\":1,\"name\":\"Accueil\",\"item\":\"https:\/\/groupeproexpo.com\/saloncarrefour50ansplus\/\"},{\"@type\":\"ListItem\",\"position\":2,\"name\":\"AVALANCHE\"}]},{\"@type\":\"WebSite\",\"@id\":\"https:\/\/groupeproexpo.com\/saloncarrefour50ansplus\/#website\",\"url\":\"https:\/\/groupeproexpo.com\/saloncarrefour50ansplus\/\",\"name\":\"Le Salon Carrefour 50 ans +\",\"description\":\"12 au 14 avril 2024\",\"potentialAction\":[{\"@type\":\"SearchAction\",\"target\":{\"@type\":\"EntryPoint\",\"urlTemplate\":\"https:\/\/groupeproexpo.com\/saloncarrefour50ansplus\/?s={search_term_string}\"},\"query-input\":{\"@type\":\"PropertyValueSpecification\",\"valueRequired\":true,\"valueName\":\"search_term_string\"}}],\"inLanguage\":\"fr-FR\"},{\"@type\":\"Person\",\"@id\":\"https:\/\/groupeproexpo.com\/saloncarrefour50ansplus\/#\/schema\/person\/d8b947343e1b1b31b839f262ba3d03c7\",\"name\":\"roger\",\"image\":{\"@type\":\"ImageObject\",\"inLanguage\":\"fr-FR\",\"@id\":\"https:\/\/groupeproexpo.com\/saloncarrefour50ansplus\/#\/schema\/person\/image\/\",\"url\":\"https:\/\/secure.gravatar.com\/avatar\/15a77a6584b86855ec6fe21668fa40f8?s=96&d=mm&r=g\",\"contentUrl\":\"https:\/\/secure.gravatar.com\/avatar\/15a77a6584b86855ec6fe21668fa40f8?s=96&d=mm&r=g\",\"caption\":\"roger\"},\"url\":\"https:\/\/groupeproexpo.com\/saloncarrefour50ansplus\/author\/roger\/\"}]}<\/script>\n<!-- \/ Yoast SEO plugin. -->","yoast_head_json":{"title":"AVALANCHE - Le Salon Carrefour 50 ans +","robots":{"index":"index","follow":"follow","max-snippet":"max-snippet:-1","max-image-preview":"max-image-preview:large","max-video-preview":"max-video-preview:-1"},"canonical":"https:\/\/groupeproexpo.com\/saloncarrefour50ansplus\/avalanche\/","og_locale":"fr_FR","og_type":"article","og_title":"AVALANCHE - Le Salon Carrefour 50 ans +","og_description":"Sp\u00e9cialis\u00e9e dans le design et la confection de v\u00eatements automne-hiver-printemps, l\u2019entreprise qu\u00e9b\u00e9coise Avalanche est fi\u00e8re de vous offrir depuis 1986 des tenues chaudes et confortables avec une conception unique pouvant braver toutes les conditions climatiques. [...]","og_url":"https:\/\/groupeproexpo.com\/saloncarrefour50ansplus\/avalanche\/","og_site_name":"Le Salon Carrefour 50 ans +","article_published_time":"2019-01-11T16:24:36+00:00","og_image":[{"width":1920,"height":1080,"url":"https:\/\/groupeproexpo.com\/saloncarrefour50ansplus\/wp-content\/uploads\/sites\/9\/2018\/09\/VETEMENT-CADRE-BLEU.jpg","type":"image\/jpeg"}],"author":"roger","twitter_card":"summary_large_image","twitter_misc":{"\u00c9crit par":"roger","Dur\u00e9e de lecture estim\u00e9e":"1 minute"},"schema":{"@context":"https:\/\/schema.org","@graph":[{"@type":"WebPage","@id":"https:\/\/groupeproexpo.com\/saloncarrefour50ansplus\/avalanche\/","url":"https:\/\/groupeproexpo.com\/saloncarrefour50ansplus\/avalanche\/","name":"AVALANCHE - Le Salon Carrefour 50 ans +","isPartOf":{"@id":"https:\/\/groupeproexpo.com\/saloncarrefour50ansplus\/#website"},"primaryImageOfPage":{"@id":"https:\/\/groupeproexpo.com\/saloncarrefour50ansplus\/avalanche\/#primaryimage"},"image":{"@id":"https:\/\/groupeproexpo.com\/saloncarrefour50ansplus\/avalanche\/#primaryimage"},"thumbnailUrl":"https:\/\/groupeproexpo.com\/saloncarrefour50ansplus\/wp-content\/uploads\/sites\/9\/2018\/09\/VETEMENT-CADRE-BLEU.jpg","datePublished":"2019-01-11T16:24:36+00:00","author":{"@id":"https:\/\/groupeproexpo.com\/saloncarrefour50ansplus\/#\/schema\/person\/d8b947343e1b1b31b839f262ba3d03c7"},"breadcrumb":{"@id":"https:\/\/groupeproexpo.com\/saloncarrefour50ansplus\/avalanche\/#breadcrumb"},"inLanguage":"fr-FR","potentialAction":[{"@type":"ReadAction","target":["https:\/\/groupeproexpo.com\/saloncarrefour50ansplus\/avalanche\/"]}]},{"@type":"ImageObject","inLanguage":"fr-FR","@id":"https:\/\/groupeproexpo.com\/saloncarrefour50ansplus\/avalanche\/#primaryimage","url":"https:\/\/groupeproexpo.com\/saloncarrefour50ansplus\/wp-content\/uploads\/sites\/9\/2018\/09\/VETEMENT-CADRE-BLEU.jpg","contentUrl":"https:\/\/groupeproexpo.com\/saloncarrefour50ansplus\/wp-content\/uploads\/sites\/9\/2018\/09\/VETEMENT-CADRE-BLEU.jpg","width":1920,"height":1080},{"@type":"BreadcrumbList","@id":"https:\/\/groupeproexpo.com\/saloncarrefour50ansplus\/avalanche\/#breadcrumb","itemListElement":[{"@type":"ListItem","position":1,"name":"Accueil","item":"https:\/\/groupeproexpo.com\/saloncarrefour50ansplus\/"},{"@type":"ListItem","position":2,"name":"AVALANCHE"}]},{"@type":"WebSite","@id":"https:\/\/groupeproexpo.com\/saloncarrefour50ansplus\/#website","url":"https:\/\/groupeproexpo.com\/saloncarrefour50ansplus\/","name":"Le Salon Carrefour 50 ans +","description":"12 au 14 avril 2024","potentialAction":[{"@type":"SearchAction","target":{"@type":"EntryPoint","urlTemplate":"https:\/\/groupeproexpo.com\/saloncarrefour50ansplus\/?s={search_term_string}"},"query-input":{"@type":"PropertyValueSpecification","valueRequired":true,"valueName":"search_term_string"}}],"inLanguage":"fr-FR"},{"@type":"Person","@id":"https:\/\/groupeproexpo.com\/saloncarrefour50ansplus\/#\/schema\/person\/d8b947343e1b1b31b839f262ba3d03c7","name":"roger","image":{"@type":"ImageObject","inLanguage":"fr-FR","@id":"https:\/\/groupeproexpo.com\/saloncarrefour50ansplus\/#\/schema\/person\/image\/","url":"https:\/\/secure.gravatar.com\/avatar\/15a77a6584b86855ec6fe21668fa40f8?s=96&d=mm&r=g","contentUrl":"https:\/\/secure.gravatar.com\/avatar\/15a77a6584b86855ec6fe21668fa40f8?s=96&d=mm&r=g","caption":"roger"},"url":"https:\/\/groupeproexpo.com\/saloncarrefour50ansplus\/author\/roger\/"}]}},"_links":{"self":[{"href":"https:\/\/groupeproexpo.com\/saloncarrefour50ansplus\/wp-json\/wp\/v2\/posts\/3953","targetHints":{"allow":["GET"]}}],"collection":[{"href":"https:\/\/groupeproexpo.com\/saloncarrefour50ansplus\/wp-json\/wp\/v2\/posts"}],"about":[{"href":"https:\/\/groupeproexpo.com\/saloncarrefour50ansplus\/wp-json\/wp\/v2\/types\/post"}],"author":[{"embeddable":true,"href":"https:\/\/groupeproexpo.com\/saloncarrefour50ansplus\/wp-json\/wp\/v2\/users\/4"}],"replies":[{"embeddable":true,"href":"https:\/\/groupeproexpo.com\/saloncarrefour50ansplus\/wp-json\/wp\/v2\/comments?post=3953"}],"version-history":[{"count":0,"href":"https:\/\/groupeproexpo.com\/saloncarrefour50ansplus\/wp-json\/wp\/v2\/posts\/3953\/revisions"}],"wp:featuredmedia":[{"embeddable":true,"href":"https:\/\/groupeproexpo.com\/saloncarrefour50ansplus\/wp-json\/wp\/v2\/media\/3791"}],"wp:attachment":[{"href":"https:\/\/groupeproexpo.com\/saloncarrefour50ansplus\/wp-json\/wp\/v2\/media?parent=3953"}],"wp:term":[{"taxonomy":"category","embeddable":true,"href":"https:\/\/groupeproexpo.com\/saloncarrefour50ansplus\/wp-json\/wp\/v2\/categories?post=3953"},{"taxonomy":"post_tag","embeddable":true,"href":"https:\/\/groupeproexpo.com\/saloncarrefour50ansplus\/wp-json\/wp\/v2\/tags?post=3953"}],"curies":[{"name":"wp","href":"https:\/\/api.w.org\/{rel}","templated":true}]}}