{"id":462,"date":"2017-02-03T16:27:38","date_gmt":"2017-02-03T16:27:38","guid":{"rendered":"http:\/\/saloncarrefour50ansplus.com\/?p=462"},"modified":"2017-02-03T16:27:38","modified_gmt":"2017-02-03T16:27:38","slug":"2017-hotel-cap-aux-pierres","status":"publish","type":"post","link":"https:\/\/groupeproexpo.com\/saloncarrefour50ansplus\/2017-hotel-cap-aux-pierres\/","title":{"rendered":"H\u00d4TEL CAP-AUX-PIERRES"},"content":{"rendered":"<p>Lieu de vill\u00e9giature hors pair, l&rsquo;&nbsp;H\u00f4tel Cap-aux-Pierres&nbsp;dispose de 98 chambres soit 46 chambres climatis\u00e9es dans le b\u00e2timent principal accessible par un ascenseur et 52 unit\u00e9s ext\u00e9rieures. Notre accueil chaleureux, le confort des lieux et nos nombreuses attentions vous feront sentir comme un membre de notre famille durant votre s\u00e9jour parmi nous ! Les deux piscines (int\u00e9rieure et ext\u00e9rieure), le Centre de Sant\u00e9 et plusieurs autres activit\u00e9s sauront plaire aux petits et aux grands. L\u2019H\u00f4tel Cap-aux-Pierres est un v\u00e9ritable havre de paix avec une vue imprenable sur le fleuve. Entour\u00e9 de pr\u00e9s et monts verdoyants, et de points de vue exceptionnels sur le relief montagneux de Charlevoix, vous ne r\u00e9sisterez pas \u00e0 l\u2019appel du plein air !&nbsp;<a href=\"https:\/\/l.facebook.com\/l.php?u=http%3A%2F%2Fwww.hotelcapauxpierres.com%2F&amp;h=ATPSg1j3MX2evBD0ZjzM6xiuP4vtvAqPvVWxe5TdEYM3IHrsopd_lSfKTfYP8IThFdAp5h0Z7NQ7mswDlPuRtPM0l376eoxzbdf_5xF3BNNb1vqDEaPm1ly0egXU0p_hMoJQsQbknQ2gt_cuvq1xC3k&amp;enc=AZOe2M41hfSGfRq_-Q4mI10pTLuFar43dW0RGRbi4XY5Ftul39XP8OMWZsFG6YeMhmqGS8Su2Z15BivPlp20NaD3L0NBqIVSE3fTQf2FrtCLzKyq4v_8YW_SGcYuCVRxaoy1vM4uw0jKDWrnFACkTKMYUo5sUcIfSj0RGYoQPabEvfzf4Su2e3W2z-Vlc-K8GxhD_qcvo9aj_DU3k5947C_D&amp;s=1\" target=\"_blank\" rel=\"nofollow noopener\">http:\/\/www.hotelcapauxpierres.com\/<\/a><\/p>\n","protected":false},"excerpt":{"rendered":"<div class=\"mh-excerpt\"><p>Lieu de vill\u00e9giature hors pair, l&rsquo;&nbsp;H\u00f4tel Cap-aux-Pierres&nbsp;dispose de 98 chambres soit 46 chambres climatis\u00e9es dans le b\u00e2timent principal accessible par un ascenseur et 52 unit\u00e9s ext\u00e9rieures. Notre accueil chaleureux, le confort des lieux et nos <a class=\"mh-excerpt-more\" href=\"https:\/\/groupeproexpo.com\/saloncarrefour50ansplus\/2017-hotel-cap-aux-pierres\/\" title=\"H\u00d4TEL CAP-AUX-PIERRES\">[&#8230;]<\/a><\/p>\n<\/div>","protected":false},"author":4,"featured_media":3788,"comment_status":"closed","ping_status":"open","sticky":false,"template":"","format":"standard","meta":{"ngg_post_thumbnail":0,"footnotes":""},"categories":[2],"tags":[],"class_list":["post-462","post","type-post","status-publish","format-standard","has-post-thumbnail","hentry","category-entreprises-et-organismes"],"yoast_head":"<!-- This site is optimized with the Yoast SEO plugin v24.4 - https:\/\/yoast.com\/wordpress\/plugins\/seo\/ -->\n<title>H\u00d4TEL CAP-AUX-PIERRES - Le Salon Carrefour 50 ans +<\/title>\n<meta name=\"robots\" content=\"index, follow, max-snippet:-1, max-image-preview:large, max-video-preview:-1\" \/>\n<link rel=\"canonical\" href=\"https:\/\/groupeproexpo.com\/saloncarrefour50ansplus\/2017-hotel-cap-aux-pierres\/\" \/>\n<meta property=\"og:locale\" content=\"fr_FR\" \/>\n<meta property=\"og:type\" content=\"article\" \/>\n<meta property=\"og:title\" content=\"H\u00d4TEL CAP-AUX-PIERRES - Le Salon Carrefour 50 ans +\" \/>\n<meta property=\"og:description\" content=\"Lieu de vill\u00e9giature hors pair, l&rsquo;&nbsp;H\u00f4tel Cap-aux-Pierres&nbsp;dispose de 98 chambres soit 46 chambres climatis\u00e9es dans le b\u00e2timent principal accessible par un ascenseur et 52 unit\u00e9s ext\u00e9rieures. Notre accueil chaleureux, le confort des lieux et nos [...]\" \/>\n<meta property=\"og:url\" content=\"https:\/\/groupeproexpo.com\/saloncarrefour50ansplus\/2017-hotel-cap-aux-pierres\/\" \/>\n<meta property=\"og:site_name\" content=\"Le Salon Carrefour 50 ans +\" \/>\n<meta property=\"article:published_time\" content=\"2017-02-03T16:27:38+00:00\" \/>\n<meta property=\"og:image\" content=\"https:\/\/groupeproexpo.com\/saloncarrefour50ansplus\/wp-content\/uploads\/sites\/9\/2018\/09\/VACANCES-CADRE-BLEU.jpg\" \/>\n\t<meta property=\"og:image:width\" content=\"1920\" \/>\n\t<meta property=\"og:image:height\" content=\"1080\" \/>\n\t<meta property=\"og:image:type\" content=\"image\/jpeg\" \/>\n<meta name=\"author\" content=\"roger\" \/>\n<meta name=\"twitter:card\" content=\"summary_large_image\" \/>\n<meta name=\"twitter:label1\" content=\"\u00c9crit par\" \/>\n\t<meta name=\"twitter:data1\" content=\"roger\" \/>\n\t<meta name=\"twitter:label2\" content=\"Dur\u00e9e de lecture estim\u00e9e\" \/>\n\t<meta name=\"twitter:data2\" content=\"1 minute\" \/>\n<script type=\"application\/ld+json\" class=\"yoast-schema-graph\">{\"@context\":\"https:\/\/schema.org\",\"@graph\":[{\"@type\":\"WebPage\",\"@id\":\"https:\/\/groupeproexpo.com\/saloncarrefour50ansplus\/2017-hotel-cap-aux-pierres\/\",\"url\":\"https:\/\/groupeproexpo.com\/saloncarrefour50ansplus\/2017-hotel-cap-aux-pierres\/\",\"name\":\"H\u00d4TEL CAP-AUX-PIERRES - Le Salon Carrefour 50 ans +\",\"isPartOf\":{\"@id\":\"https:\/\/groupeproexpo.com\/saloncarrefour50ansplus\/#website\"},\"primaryImageOfPage\":{\"@id\":\"https:\/\/groupeproexpo.com\/saloncarrefour50ansplus\/2017-hotel-cap-aux-pierres\/#primaryimage\"},\"image\":{\"@id\":\"https:\/\/groupeproexpo.com\/saloncarrefour50ansplus\/2017-hotel-cap-aux-pierres\/#primaryimage\"},\"thumbnailUrl\":\"https:\/\/groupeproexpo.com\/saloncarrefour50ansplus\/wp-content\/uploads\/sites\/9\/2018\/09\/VACANCES-CADRE-BLEU.jpg\",\"datePublished\":\"2017-02-03T16:27:38+00:00\",\"author\":{\"@id\":\"https:\/\/groupeproexpo.com\/saloncarrefour50ansplus\/#\/schema\/person\/d8b947343e1b1b31b839f262ba3d03c7\"},\"breadcrumb\":{\"@id\":\"https:\/\/groupeproexpo.com\/saloncarrefour50ansplus\/2017-hotel-cap-aux-pierres\/#breadcrumb\"},\"inLanguage\":\"fr-FR\",\"potentialAction\":[{\"@type\":\"ReadAction\",\"target\":[\"https:\/\/groupeproexpo.com\/saloncarrefour50ansplus\/2017-hotel-cap-aux-pierres\/\"]}]},{\"@type\":\"ImageObject\",\"inLanguage\":\"fr-FR\",\"@id\":\"https:\/\/groupeproexpo.com\/saloncarrefour50ansplus\/2017-hotel-cap-aux-pierres\/#primaryimage\",\"url\":\"https:\/\/groupeproexpo.com\/saloncarrefour50ansplus\/wp-content\/uploads\/sites\/9\/2018\/09\/VACANCES-CADRE-BLEU.jpg\",\"contentUrl\":\"https:\/\/groupeproexpo.com\/saloncarrefour50ansplus\/wp-content\/uploads\/sites\/9\/2018\/09\/VACANCES-CADRE-BLEU.jpg\",\"width\":1920,\"height\":1080},{\"@type\":\"BreadcrumbList\",\"@id\":\"https:\/\/groupeproexpo.com\/saloncarrefour50ansplus\/2017-hotel-cap-aux-pierres\/#breadcrumb\",\"itemListElement\":[{\"@type\":\"ListItem\",\"position\":1,\"name\":\"Accueil\",\"item\":\"https:\/\/groupeproexpo.com\/saloncarrefour50ansplus\/\"},{\"@type\":\"ListItem\",\"position\":2,\"name\":\"H\u00d4TEL CAP-AUX-PIERRES\"}]},{\"@type\":\"WebSite\",\"@id\":\"https:\/\/groupeproexpo.com\/saloncarrefour50ansplus\/#website\",\"url\":\"https:\/\/groupeproexpo.com\/saloncarrefour50ansplus\/\",\"name\":\"Le Salon Carrefour 50 ans +\",\"description\":\"12 au 14 avril 2024\",\"potentialAction\":[{\"@type\":\"SearchAction\",\"target\":{\"@type\":\"EntryPoint\",\"urlTemplate\":\"https:\/\/groupeproexpo.com\/saloncarrefour50ansplus\/?s={search_term_string}\"},\"query-input\":{\"@type\":\"PropertyValueSpecification\",\"valueRequired\":true,\"valueName\":\"search_term_string\"}}],\"inLanguage\":\"fr-FR\"},{\"@type\":\"Person\",\"@id\":\"https:\/\/groupeproexpo.com\/saloncarrefour50ansplus\/#\/schema\/person\/d8b947343e1b1b31b839f262ba3d03c7\",\"name\":\"roger\",\"image\":{\"@type\":\"ImageObject\",\"inLanguage\":\"fr-FR\",\"@id\":\"https:\/\/groupeproexpo.com\/saloncarrefour50ansplus\/#\/schema\/person\/image\/\",\"url\":\"https:\/\/secure.gravatar.com\/avatar\/15a77a6584b86855ec6fe21668fa40f8?s=96&d=mm&r=g\",\"contentUrl\":\"https:\/\/secure.gravatar.com\/avatar\/15a77a6584b86855ec6fe21668fa40f8?s=96&d=mm&r=g\",\"caption\":\"roger\"},\"url\":\"https:\/\/groupeproexpo.com\/saloncarrefour50ansplus\/author\/roger\/\"}]}<\/script>\n<!-- \/ Yoast SEO plugin. -->","yoast_head_json":{"title":"H\u00d4TEL CAP-AUX-PIERRES - Le Salon Carrefour 50 ans +","robots":{"index":"index","follow":"follow","max-snippet":"max-snippet:-1","max-image-preview":"max-image-preview:large","max-video-preview":"max-video-preview:-1"},"canonical":"https:\/\/groupeproexpo.com\/saloncarrefour50ansplus\/2017-hotel-cap-aux-pierres\/","og_locale":"fr_FR","og_type":"article","og_title":"H\u00d4TEL CAP-AUX-PIERRES - Le Salon Carrefour 50 ans +","og_description":"Lieu de vill\u00e9giature hors pair, l&rsquo;&nbsp;H\u00f4tel Cap-aux-Pierres&nbsp;dispose de 98 chambres soit 46 chambres climatis\u00e9es dans le b\u00e2timent principal accessible par un ascenseur et 52 unit\u00e9s ext\u00e9rieures. Notre accueil chaleureux, le confort des lieux et nos [...]","og_url":"https:\/\/groupeproexpo.com\/saloncarrefour50ansplus\/2017-hotel-cap-aux-pierres\/","og_site_name":"Le Salon Carrefour 50 ans +","article_published_time":"2017-02-03T16:27:38+00:00","og_image":[{"width":1920,"height":1080,"url":"https:\/\/groupeproexpo.com\/saloncarrefour50ansplus\/wp-content\/uploads\/sites\/9\/2018\/09\/VACANCES-CADRE-BLEU.jpg","type":"image\/jpeg"}],"author":"roger","twitter_card":"summary_large_image","twitter_misc":{"\u00c9crit par":"roger","Dur\u00e9e de lecture estim\u00e9e":"1 minute"},"schema":{"@context":"https:\/\/schema.org","@graph":[{"@type":"WebPage","@id":"https:\/\/groupeproexpo.com\/saloncarrefour50ansplus\/2017-hotel-cap-aux-pierres\/","url":"https:\/\/groupeproexpo.com\/saloncarrefour50ansplus\/2017-hotel-cap-aux-pierres\/","name":"H\u00d4TEL CAP-AUX-PIERRES - Le Salon Carrefour 50 ans +","isPartOf":{"@id":"https:\/\/groupeproexpo.com\/saloncarrefour50ansplus\/#website"},"primaryImageOfPage":{"@id":"https:\/\/groupeproexpo.com\/saloncarrefour50ansplus\/2017-hotel-cap-aux-pierres\/#primaryimage"},"image":{"@id":"https:\/\/groupeproexpo.com\/saloncarrefour50ansplus\/2017-hotel-cap-aux-pierres\/#primaryimage"},"thumbnailUrl":"https:\/\/groupeproexpo.com\/saloncarrefour50ansplus\/wp-content\/uploads\/sites\/9\/2018\/09\/VACANCES-CADRE-BLEU.jpg","datePublished":"2017-02-03T16:27:38+00:00","author":{"@id":"https:\/\/groupeproexpo.com\/saloncarrefour50ansplus\/#\/schema\/person\/d8b947343e1b1b31b839f262ba3d03c7"},"breadcrumb":{"@id":"https:\/\/groupeproexpo.com\/saloncarrefour50ansplus\/2017-hotel-cap-aux-pierres\/#breadcrumb"},"inLanguage":"fr-FR","potentialAction":[{"@type":"ReadAction","target":["https:\/\/groupeproexpo.com\/saloncarrefour50ansplus\/2017-hotel-cap-aux-pierres\/"]}]},{"@type":"ImageObject","inLanguage":"fr-FR","@id":"https:\/\/groupeproexpo.com\/saloncarrefour50ansplus\/2017-hotel-cap-aux-pierres\/#primaryimage","url":"https:\/\/groupeproexpo.com\/saloncarrefour50ansplus\/wp-content\/uploads\/sites\/9\/2018\/09\/VACANCES-CADRE-BLEU.jpg","contentUrl":"https:\/\/groupeproexpo.com\/saloncarrefour50ansplus\/wp-content\/uploads\/sites\/9\/2018\/09\/VACANCES-CADRE-BLEU.jpg","width":1920,"height":1080},{"@type":"BreadcrumbList","@id":"https:\/\/groupeproexpo.com\/saloncarrefour50ansplus\/2017-hotel-cap-aux-pierres\/#breadcrumb","itemListElement":[{"@type":"ListItem","position":1,"name":"Accueil","item":"https:\/\/groupeproexpo.com\/saloncarrefour50ansplus\/"},{"@type":"ListItem","position":2,"name":"H\u00d4TEL CAP-AUX-PIERRES"}]},{"@type":"WebSite","@id":"https:\/\/groupeproexpo.com\/saloncarrefour50ansplus\/#website","url":"https:\/\/groupeproexpo.com\/saloncarrefour50ansplus\/","name":"Le Salon Carrefour 50 ans +","description":"12 au 14 avril 2024","potentialAction":[{"@type":"SearchAction","target":{"@type":"EntryPoint","urlTemplate":"https:\/\/groupeproexpo.com\/saloncarrefour50ansplus\/?s={search_term_string}"},"query-input":{"@type":"PropertyValueSpecification","valueRequired":true,"valueName":"search_term_string"}}],"inLanguage":"fr-FR"},{"@type":"Person","@id":"https:\/\/groupeproexpo.com\/saloncarrefour50ansplus\/#\/schema\/person\/d8b947343e1b1b31b839f262ba3d03c7","name":"roger","image":{"@type":"ImageObject","inLanguage":"fr-FR","@id":"https:\/\/groupeproexpo.com\/saloncarrefour50ansplus\/#\/schema\/person\/image\/","url":"https:\/\/secure.gravatar.com\/avatar\/15a77a6584b86855ec6fe21668fa40f8?s=96&d=mm&r=g","contentUrl":"https:\/\/secure.gravatar.com\/avatar\/15a77a6584b86855ec6fe21668fa40f8?s=96&d=mm&r=g","caption":"roger"},"url":"https:\/\/groupeproexpo.com\/saloncarrefour50ansplus\/author\/roger\/"}]}},"_links":{"self":[{"href":"https:\/\/groupeproexpo.com\/saloncarrefour50ansplus\/wp-json\/wp\/v2\/posts\/462","targetHints":{"allow":["GET"]}}],"collection":[{"href":"https:\/\/groupeproexpo.com\/saloncarrefour50ansplus\/wp-json\/wp\/v2\/posts"}],"about":[{"href":"https:\/\/groupeproexpo.com\/saloncarrefour50ansplus\/wp-json\/wp\/v2\/types\/post"}],"author":[{"embeddable":true,"href":"https:\/\/groupeproexpo.com\/saloncarrefour50ansplus\/wp-json\/wp\/v2\/users\/4"}],"replies":[{"embeddable":true,"href":"https:\/\/groupeproexpo.com\/saloncarrefour50ansplus\/wp-json\/wp\/v2\/comments?post=462"}],"version-history":[{"count":0,"href":"https:\/\/groupeproexpo.com\/saloncarrefour50ansplus\/wp-json\/wp\/v2\/posts\/462\/revisions"}],"wp:featuredmedia":[{"embeddable":true,"href":"https:\/\/groupeproexpo.com\/saloncarrefour50ansplus\/wp-json\/wp\/v2\/media\/3788"}],"wp:attachment":[{"href":"https:\/\/groupeproexpo.com\/saloncarrefour50ansplus\/wp-json\/wp\/v2\/media?parent=462"}],"wp:term":[{"taxonomy":"category","embeddable":true,"href":"https:\/\/groupeproexpo.com\/saloncarrefour50ansplus\/wp-json\/wp\/v2\/categories?post=462"},{"taxonomy":"post_tag","embeddable":true,"href":"https:\/\/groupeproexpo.com\/saloncarrefour50ansplus\/wp-json\/wp\/v2\/tags?post=462"}],"curies":[{"name":"wp","href":"https:\/\/api.w.org\/{rel}","templated":true}]}}