{"id":5321,"date":"2020-02-21T13:22:44","date_gmt":"2020-02-21T18:22:44","guid":{"rendered":"http:\/\/groupeproexpo.com\/saloncarrefour50ansplus\/?p=5321"},"modified":"2020-02-24T10:12:30","modified_gmt":"2020-02-24T15:12:30","slug":"optelec","status":"publish","type":"post","link":"https:\/\/groupeproexpo.com\/saloncarrefour50ansplus\/optelec\/","title":{"rendered":"OPTELEC"},"content":{"rendered":"<p><a href=\"https:\/\/ca.optelec.com\/fr\" target=\"_blank\" rel=\"noopener noreferrer\">Optelec<\/a> est le principal concepteur et fabriquant de technologies adapt\u00e9es qui transforment la vie des personnes ayant un probl\u00e8me de vision ou la dyslexie. Le ClearView Plus, produit phare de l\u2019entreprise, dot\u00e9 d\u2019une intelligence et d\u2019un design de module aux lignes pures, est con\u00e7u pour agrandir les textes et les photos jusqu\u2019\u00e0 72X, permettant \u00e0 ceux qui vivent avec une basse vision de retrouver une qualit\u00e9 de vie appr\u00e9ciable. Le lancement de nouveaux produits, tels que le Compact+ et le FarView, renforce davantage l\u2019engagement d\u2019Optelec aupr\u00e8s des personnes ayant une basse vision. La s\u00e9rie d\u2019afficheurs braille Alva, qui se distingue sur le march\u00e9 par son intelligence, sa durabilit\u00e9 et son prix, permet aux utilisateurs le contr\u00f4le complet de l\u2019ordinateur portatif ou de bureau. Le EasyLink Braille, une s\u00e9rie de produits sans fil, est facile d\u2019utilisation et offre l\u2019acc\u00e8s aux t\u00e9l\u00e9phones cellulaires et aux appareils PDA, assurant \u00e0 ses utilisateurs une participation active dans la communaut\u00e9 d\u2019information mondiale.<\/p>\n","protected":false},"excerpt":{"rendered":"<div class=\"mh-excerpt\"><p>Optelec est le principal concepteur et fabriquant de technologies adapt\u00e9es qui transforment la vie des personnes ayant un probl\u00e8me de vision ou la dyslexie. Le ClearView Plus, produit phare de l\u2019entreprise, dot\u00e9 d\u2019une intelligence et <a class=\"mh-excerpt-more\" href=\"https:\/\/groupeproexpo.com\/saloncarrefour50ansplus\/optelec\/\" title=\"OPTELEC\">[&#8230;]<\/a><\/p>\n<\/div>","protected":false},"author":4,"featured_media":3778,"comment_status":"closed","ping_status":"open","sticky":false,"template":"","format":"standard","meta":{"ngg_post_thumbnail":0,"footnotes":""},"categories":[2],"tags":[],"class_list":["post-5321","post","type-post","status-publish","format-standard","has-post-thumbnail","hentry","category-entreprises-et-organismes"],"yoast_head":"<!-- This site is optimized with the Yoast SEO plugin v24.4 - https:\/\/yoast.com\/wordpress\/plugins\/seo\/ -->\n<title>OPTELEC - Le Salon Carrefour 50 ans +<\/title>\n<meta name=\"robots\" content=\"index, follow, max-snippet:-1, max-image-preview:large, max-video-preview:-1\" \/>\n<link rel=\"canonical\" href=\"https:\/\/groupeproexpo.com\/saloncarrefour50ansplus\/optelec\/\" \/>\n<meta property=\"og:locale\" content=\"fr_FR\" \/>\n<meta property=\"og:type\" content=\"article\" \/>\n<meta property=\"og:title\" content=\"OPTELEC - Le Salon Carrefour 50 ans +\" \/>\n<meta property=\"og:description\" content=\"Optelec est le principal concepteur et fabriquant de technologies adapt\u00e9es qui transforment la vie des personnes ayant un probl\u00e8me de vision ou la dyslexie. Le ClearView Plus, produit phare de l\u2019entreprise, dot\u00e9 d\u2019une intelligence et [...]\" \/>\n<meta property=\"og:url\" content=\"https:\/\/groupeproexpo.com\/saloncarrefour50ansplus\/optelec\/\" \/>\n<meta property=\"og:site_name\" content=\"Le Salon Carrefour 50 ans +\" \/>\n<meta property=\"article:published_time\" content=\"2020-02-21T18:22:44+00:00\" \/>\n<meta property=\"article:modified_time\" content=\"2020-02-24T15:12:30+00:00\" \/>\n<meta property=\"og:image\" content=\"https:\/\/groupeproexpo.com\/saloncarrefour50ansplus\/wp-content\/uploads\/sites\/9\/2018\/09\/MAISON.jpg\" \/>\n\t<meta property=\"og:image:width\" content=\"1920\" \/>\n\t<meta property=\"og:image:height\" content=\"1080\" \/>\n\t<meta property=\"og:image:type\" content=\"image\/jpeg\" \/>\n<meta name=\"author\" content=\"roger\" \/>\n<meta name=\"twitter:card\" content=\"summary_large_image\" \/>\n<meta name=\"twitter:label1\" content=\"\u00c9crit par\" \/>\n\t<meta name=\"twitter:data1\" content=\"roger\" \/>\n\t<meta name=\"twitter:label2\" content=\"Dur\u00e9e de lecture estim\u00e9e\" \/>\n\t<meta name=\"twitter:data2\" content=\"1 minute\" \/>\n<script type=\"application\/ld+json\" class=\"yoast-schema-graph\">{\"@context\":\"https:\/\/schema.org\",\"@graph\":[{\"@type\":\"WebPage\",\"@id\":\"https:\/\/groupeproexpo.com\/saloncarrefour50ansplus\/optelec\/\",\"url\":\"https:\/\/groupeproexpo.com\/saloncarrefour50ansplus\/optelec\/\",\"name\":\"OPTELEC - Le Salon Carrefour 50 ans +\",\"isPartOf\":{\"@id\":\"https:\/\/groupeproexpo.com\/saloncarrefour50ansplus\/#website\"},\"primaryImageOfPage\":{\"@id\":\"https:\/\/groupeproexpo.com\/saloncarrefour50ansplus\/optelec\/#primaryimage\"},\"image\":{\"@id\":\"https:\/\/groupeproexpo.com\/saloncarrefour50ansplus\/optelec\/#primaryimage\"},\"thumbnailUrl\":\"https:\/\/groupeproexpo.com\/saloncarrefour50ansplus\/wp-content\/uploads\/sites\/9\/2018\/09\/MAISON.jpg\",\"datePublished\":\"2020-02-21T18:22:44+00:00\",\"dateModified\":\"2020-02-24T15:12:30+00:00\",\"author\":{\"@id\":\"https:\/\/groupeproexpo.com\/saloncarrefour50ansplus\/#\/schema\/person\/d8b947343e1b1b31b839f262ba3d03c7\"},\"breadcrumb\":{\"@id\":\"https:\/\/groupeproexpo.com\/saloncarrefour50ansplus\/optelec\/#breadcrumb\"},\"inLanguage\":\"fr-FR\",\"potentialAction\":[{\"@type\":\"ReadAction\",\"target\":[\"https:\/\/groupeproexpo.com\/saloncarrefour50ansplus\/optelec\/\"]}]},{\"@type\":\"ImageObject\",\"inLanguage\":\"fr-FR\",\"@id\":\"https:\/\/groupeproexpo.com\/saloncarrefour50ansplus\/optelec\/#primaryimage\",\"url\":\"https:\/\/groupeproexpo.com\/saloncarrefour50ansplus\/wp-content\/uploads\/sites\/9\/2018\/09\/MAISON.jpg\",\"contentUrl\":\"https:\/\/groupeproexpo.com\/saloncarrefour50ansplus\/wp-content\/uploads\/sites\/9\/2018\/09\/MAISON.jpg\",\"width\":1920,\"height\":1080},{\"@type\":\"BreadcrumbList\",\"@id\":\"https:\/\/groupeproexpo.com\/saloncarrefour50ansplus\/optelec\/#breadcrumb\",\"itemListElement\":[{\"@type\":\"ListItem\",\"position\":1,\"name\":\"Accueil\",\"item\":\"https:\/\/groupeproexpo.com\/saloncarrefour50ansplus\/\"},{\"@type\":\"ListItem\",\"position\":2,\"name\":\"OPTELEC\"}]},{\"@type\":\"WebSite\",\"@id\":\"https:\/\/groupeproexpo.com\/saloncarrefour50ansplus\/#website\",\"url\":\"https:\/\/groupeproexpo.com\/saloncarrefour50ansplus\/\",\"name\":\"Le Salon Carrefour 50 ans +\",\"description\":\"12 au 14 avril 2024\",\"potentialAction\":[{\"@type\":\"SearchAction\",\"target\":{\"@type\":\"EntryPoint\",\"urlTemplate\":\"https:\/\/groupeproexpo.com\/saloncarrefour50ansplus\/?s={search_term_string}\"},\"query-input\":{\"@type\":\"PropertyValueSpecification\",\"valueRequired\":true,\"valueName\":\"search_term_string\"}}],\"inLanguage\":\"fr-FR\"},{\"@type\":\"Person\",\"@id\":\"https:\/\/groupeproexpo.com\/saloncarrefour50ansplus\/#\/schema\/person\/d8b947343e1b1b31b839f262ba3d03c7\",\"name\":\"roger\",\"image\":{\"@type\":\"ImageObject\",\"inLanguage\":\"fr-FR\",\"@id\":\"https:\/\/groupeproexpo.com\/saloncarrefour50ansplus\/#\/schema\/person\/image\/\",\"url\":\"https:\/\/secure.gravatar.com\/avatar\/15a77a6584b86855ec6fe21668fa40f8?s=96&d=mm&r=g\",\"contentUrl\":\"https:\/\/secure.gravatar.com\/avatar\/15a77a6584b86855ec6fe21668fa40f8?s=96&d=mm&r=g\",\"caption\":\"roger\"},\"url\":\"https:\/\/groupeproexpo.com\/saloncarrefour50ansplus\/author\/roger\/\"}]}<\/script>\n<!-- \/ Yoast SEO plugin. -->","yoast_head_json":{"title":"OPTELEC - Le Salon Carrefour 50 ans +","robots":{"index":"index","follow":"follow","max-snippet":"max-snippet:-1","max-image-preview":"max-image-preview:large","max-video-preview":"max-video-preview:-1"},"canonical":"https:\/\/groupeproexpo.com\/saloncarrefour50ansplus\/optelec\/","og_locale":"fr_FR","og_type":"article","og_title":"OPTELEC - Le Salon Carrefour 50 ans +","og_description":"Optelec est le principal concepteur et fabriquant de technologies adapt\u00e9es qui transforment la vie des personnes ayant un probl\u00e8me de vision ou la dyslexie. Le ClearView Plus, produit phare de l\u2019entreprise, dot\u00e9 d\u2019une intelligence et [...]","og_url":"https:\/\/groupeproexpo.com\/saloncarrefour50ansplus\/optelec\/","og_site_name":"Le Salon Carrefour 50 ans +","article_published_time":"2020-02-21T18:22:44+00:00","article_modified_time":"2020-02-24T15:12:30+00:00","og_image":[{"width":1920,"height":1080,"url":"https:\/\/groupeproexpo.com\/saloncarrefour50ansplus\/wp-content\/uploads\/sites\/9\/2018\/09\/MAISON.jpg","type":"image\/jpeg"}],"author":"roger","twitter_card":"summary_large_image","twitter_misc":{"\u00c9crit par":"roger","Dur\u00e9e de lecture estim\u00e9e":"1 minute"},"schema":{"@context":"https:\/\/schema.org","@graph":[{"@type":"WebPage","@id":"https:\/\/groupeproexpo.com\/saloncarrefour50ansplus\/optelec\/","url":"https:\/\/groupeproexpo.com\/saloncarrefour50ansplus\/optelec\/","name":"OPTELEC - Le Salon Carrefour 50 ans +","isPartOf":{"@id":"https:\/\/groupeproexpo.com\/saloncarrefour50ansplus\/#website"},"primaryImageOfPage":{"@id":"https:\/\/groupeproexpo.com\/saloncarrefour50ansplus\/optelec\/#primaryimage"},"image":{"@id":"https:\/\/groupeproexpo.com\/saloncarrefour50ansplus\/optelec\/#primaryimage"},"thumbnailUrl":"https:\/\/groupeproexpo.com\/saloncarrefour50ansplus\/wp-content\/uploads\/sites\/9\/2018\/09\/MAISON.jpg","datePublished":"2020-02-21T18:22:44+00:00","dateModified":"2020-02-24T15:12:30+00:00","author":{"@id":"https:\/\/groupeproexpo.com\/saloncarrefour50ansplus\/#\/schema\/person\/d8b947343e1b1b31b839f262ba3d03c7"},"breadcrumb":{"@id":"https:\/\/groupeproexpo.com\/saloncarrefour50ansplus\/optelec\/#breadcrumb"},"inLanguage":"fr-FR","potentialAction":[{"@type":"ReadAction","target":["https:\/\/groupeproexpo.com\/saloncarrefour50ansplus\/optelec\/"]}]},{"@type":"ImageObject","inLanguage":"fr-FR","@id":"https:\/\/groupeproexpo.com\/saloncarrefour50ansplus\/optelec\/#primaryimage","url":"https:\/\/groupeproexpo.com\/saloncarrefour50ansplus\/wp-content\/uploads\/sites\/9\/2018\/09\/MAISON.jpg","contentUrl":"https:\/\/groupeproexpo.com\/saloncarrefour50ansplus\/wp-content\/uploads\/sites\/9\/2018\/09\/MAISON.jpg","width":1920,"height":1080},{"@type":"BreadcrumbList","@id":"https:\/\/groupeproexpo.com\/saloncarrefour50ansplus\/optelec\/#breadcrumb","itemListElement":[{"@type":"ListItem","position":1,"name":"Accueil","item":"https:\/\/groupeproexpo.com\/saloncarrefour50ansplus\/"},{"@type":"ListItem","position":2,"name":"OPTELEC"}]},{"@type":"WebSite","@id":"https:\/\/groupeproexpo.com\/saloncarrefour50ansplus\/#website","url":"https:\/\/groupeproexpo.com\/saloncarrefour50ansplus\/","name":"Le Salon Carrefour 50 ans +","description":"12 au 14 avril 2024","potentialAction":[{"@type":"SearchAction","target":{"@type":"EntryPoint","urlTemplate":"https:\/\/groupeproexpo.com\/saloncarrefour50ansplus\/?s={search_term_string}"},"query-input":{"@type":"PropertyValueSpecification","valueRequired":true,"valueName":"search_term_string"}}],"inLanguage":"fr-FR"},{"@type":"Person","@id":"https:\/\/groupeproexpo.com\/saloncarrefour50ansplus\/#\/schema\/person\/d8b947343e1b1b31b839f262ba3d03c7","name":"roger","image":{"@type":"ImageObject","inLanguage":"fr-FR","@id":"https:\/\/groupeproexpo.com\/saloncarrefour50ansplus\/#\/schema\/person\/image\/","url":"https:\/\/secure.gravatar.com\/avatar\/15a77a6584b86855ec6fe21668fa40f8?s=96&d=mm&r=g","contentUrl":"https:\/\/secure.gravatar.com\/avatar\/15a77a6584b86855ec6fe21668fa40f8?s=96&d=mm&r=g","caption":"roger"},"url":"https:\/\/groupeproexpo.com\/saloncarrefour50ansplus\/author\/roger\/"}]}},"_links":{"self":[{"href":"https:\/\/groupeproexpo.com\/saloncarrefour50ansplus\/wp-json\/wp\/v2\/posts\/5321","targetHints":{"allow":["GET"]}}],"collection":[{"href":"https:\/\/groupeproexpo.com\/saloncarrefour50ansplus\/wp-json\/wp\/v2\/posts"}],"about":[{"href":"https:\/\/groupeproexpo.com\/saloncarrefour50ansplus\/wp-json\/wp\/v2\/types\/post"}],"author":[{"embeddable":true,"href":"https:\/\/groupeproexpo.com\/saloncarrefour50ansplus\/wp-json\/wp\/v2\/users\/4"}],"replies":[{"embeddable":true,"href":"https:\/\/groupeproexpo.com\/saloncarrefour50ansplus\/wp-json\/wp\/v2\/comments?post=5321"}],"version-history":[{"count":1,"href":"https:\/\/groupeproexpo.com\/saloncarrefour50ansplus\/wp-json\/wp\/v2\/posts\/5321\/revisions"}],"predecessor-version":[{"id":5322,"href":"https:\/\/groupeproexpo.com\/saloncarrefour50ansplus\/wp-json\/wp\/v2\/posts\/5321\/revisions\/5322"}],"wp:featuredmedia":[{"embeddable":true,"href":"https:\/\/groupeproexpo.com\/saloncarrefour50ansplus\/wp-json\/wp\/v2\/media\/3778"}],"wp:attachment":[{"href":"https:\/\/groupeproexpo.com\/saloncarrefour50ansplus\/wp-json\/wp\/v2\/media?parent=5321"}],"wp:term":[{"taxonomy":"category","embeddable":true,"href":"https:\/\/groupeproexpo.com\/saloncarrefour50ansplus\/wp-json\/wp\/v2\/categories?post=5321"},{"taxonomy":"post_tag","embeddable":true,"href":"https:\/\/groupeproexpo.com\/saloncarrefour50ansplus\/wp-json\/wp\/v2\/tags?post=5321"}],"curies":[{"name":"wp","href":"https:\/\/api.w.org\/{rel}","templated":true}]}}