{"id":551,"date":"2018-09-06T17:19:45","date_gmt":"2018-09-06T17:19:45","guid":{"rendered":"http:\/\/saloncarrefour50ansplus.com\/?p=551"},"modified":"2018-09-06T17:19:45","modified_gmt":"2018-09-06T17:19:45","slug":"2017-residences-soleil-groupe-savoie","status":"publish","type":"post","link":"https:\/\/groupeproexpo.com\/saloncarrefour50ansplus\/2017-residences-soleil-groupe-savoie\/","title":{"rendered":"LES R\u00c9SIDENCES SOLEIL &#8211; GROUPE SAVOIE"},"content":{"rendered":"<p>Les R\u00e9sidences Soleil &#8211; Groupe Savoie est une entreprise familiale \u00e0 l\u2019\u00e9coute des besoins des personnes \u00e2g\u00e9es. Les R\u00e9sidences Soleil est propri\u00e9taire-gestionnaire de 14 r\u00e9sidences pour personnes \u00e2g\u00e9es au Qu\u00e9bec. Les R\u00e9sidences Soleil offre un environnement qui vous permet de rester libre, mais o\u00f9 vous vous sentirez en toute tranquillit\u00e9 gr\u00e2ce \u00e0 une s\u00e9curit\u00e9 24 heures sur 24. Les R\u00e9sidences Soleil, offre de grands espaces, des services et activit\u00e9s; piscine, spa, billard et bien plus encore! Pour une ambiance familiale, joignez-vous \u00e0 notre grande famille !&nbsp;<a href=\"https:\/\/l.facebook.com\/l.php?u=http%3A%2F%2Fwww.residencessoleil.ca%2F&amp;h=ATOqUa7lHMd9yg3NfAJQFnSUuPYXiOplZVIftHn3IhSnyXF5PRTD7AwCz7J97AZsAf64Kks1YQukdFwZ80q-25_je4mAdJazJQrY8Is65oAYQz5qxDCXWUo7l8edJtI2S8ZqPJPI2v6kXCyCJY3D3AY&amp;enc=AZNHEDGsQIrvvBtTlvJl4P6CBYX9BI0rQ02Si6pY0zcvEY1rmDWfhVT4XnyjBvjuzQ0xoWoJmNawPBFofQtFNr6QtnsaCw8Yw9UTgkq_J_795MabUoJYThGZGOG3cySPnnjr7qjDG24YVrD76QNY-ToXjxgxQDJX121i1PriKbH5GlJ8KfhNKClYidVGIx6Km-Kx6NUY9fnhpu2S2I7Myrd_&amp;s=1\" target=\"_blank\" rel=\"nofollow noopener\">http:\/\/www.residencessoleil.ca\/<\/a><\/p>\n","protected":false},"excerpt":{"rendered":"<div class=\"mh-excerpt\"><p>Les R\u00e9sidences Soleil &#8211; Groupe Savoie est une entreprise familiale \u00e0 l\u2019\u00e9coute des besoins des personnes \u00e2g\u00e9es. Les R\u00e9sidences Soleil est propri\u00e9taire-gestionnaire de 14 r\u00e9sidences pour personnes \u00e2g\u00e9es au Qu\u00e9bec. Les R\u00e9sidences Soleil offre un <a class=\"mh-excerpt-more\" href=\"https:\/\/groupeproexpo.com\/saloncarrefour50ansplus\/2017-residences-soleil-groupe-savoie\/\" title=\"LES R\u00c9SIDENCES SOLEIL &#8211; GROUPE SAVOIE\">[&#8230;]<\/a><\/p>\n<\/div>","protected":false},"author":4,"featured_media":3777,"comment_status":"closed","ping_status":"open","sticky":false,"template":"","format":"standard","meta":{"ngg_post_thumbnail":0,"footnotes":""},"categories":[2],"tags":[],"class_list":["post-551","post","type-post","status-publish","format-standard","has-post-thumbnail","hentry","category-entreprises-et-organismes"],"yoast_head":"<!-- This site is optimized with the Yoast SEO plugin v24.4 - https:\/\/yoast.com\/wordpress\/plugins\/seo\/ -->\n<title>LES R\u00c9SIDENCES SOLEIL - GROUPE SAVOIE - Le Salon Carrefour 50 ans +<\/title>\n<meta name=\"robots\" content=\"index, follow, max-snippet:-1, max-image-preview:large, max-video-preview:-1\" \/>\n<link rel=\"canonical\" href=\"https:\/\/groupeproexpo.com\/saloncarrefour50ansplus\/2017-residences-soleil-groupe-savoie\/\" \/>\n<meta property=\"og:locale\" content=\"fr_FR\" \/>\n<meta property=\"og:type\" content=\"article\" \/>\n<meta property=\"og:title\" content=\"LES R\u00c9SIDENCES SOLEIL - GROUPE SAVOIE - Le Salon Carrefour 50 ans +\" \/>\n<meta property=\"og:description\" content=\"Les R\u00e9sidences Soleil &#8211; Groupe Savoie est une entreprise familiale \u00e0 l\u2019\u00e9coute des besoins des personnes \u00e2g\u00e9es. Les R\u00e9sidences Soleil est propri\u00e9taire-gestionnaire de 14 r\u00e9sidences pour personnes \u00e2g\u00e9es au Qu\u00e9bec. Les R\u00e9sidences Soleil offre un [...]\" \/>\n<meta property=\"og:url\" content=\"https:\/\/groupeproexpo.com\/saloncarrefour50ansplus\/2017-residences-soleil-groupe-savoie\/\" \/>\n<meta property=\"og:site_name\" content=\"Le Salon Carrefour 50 ans +\" \/>\n<meta property=\"article:published_time\" content=\"2018-09-06T17:19:45+00:00\" \/>\n<meta property=\"og:image\" content=\"https:\/\/groupeproexpo.com\/saloncarrefour50ansplus\/wp-content\/uploads\/sites\/9\/2018\/09\/H\u00c9BERGEMENT-CADRE-BLEU.jpg\" \/>\n\t<meta property=\"og:image:width\" content=\"1920\" \/>\n\t<meta property=\"og:image:height\" content=\"1080\" \/>\n\t<meta property=\"og:image:type\" content=\"image\/jpeg\" \/>\n<meta name=\"author\" content=\"roger\" \/>\n<meta name=\"twitter:card\" content=\"summary_large_image\" \/>\n<meta name=\"twitter:label1\" content=\"\u00c9crit par\" \/>\n\t<meta name=\"twitter:data1\" content=\"roger\" \/>\n<script type=\"application\/ld+json\" class=\"yoast-schema-graph\">{\"@context\":\"https:\/\/schema.org\",\"@graph\":[{\"@type\":\"WebPage\",\"@id\":\"https:\/\/groupeproexpo.com\/saloncarrefour50ansplus\/2017-residences-soleil-groupe-savoie\/\",\"url\":\"https:\/\/groupeproexpo.com\/saloncarrefour50ansplus\/2017-residences-soleil-groupe-savoie\/\",\"name\":\"LES R\u00c9SIDENCES SOLEIL - GROUPE SAVOIE - Le Salon Carrefour 50 ans +\",\"isPartOf\":{\"@id\":\"https:\/\/groupeproexpo.com\/saloncarrefour50ansplus\/#website\"},\"primaryImageOfPage\":{\"@id\":\"https:\/\/groupeproexpo.com\/saloncarrefour50ansplus\/2017-residences-soleil-groupe-savoie\/#primaryimage\"},\"image\":{\"@id\":\"https:\/\/groupeproexpo.com\/saloncarrefour50ansplus\/2017-residences-soleil-groupe-savoie\/#primaryimage\"},\"thumbnailUrl\":\"https:\/\/groupeproexpo.com\/saloncarrefour50ansplus\/wp-content\/uploads\/sites\/9\/2018\/09\/H\u00c9BERGEMENT-CADRE-BLEU.jpg\",\"datePublished\":\"2018-09-06T17:19:45+00:00\",\"author\":{\"@id\":\"https:\/\/groupeproexpo.com\/saloncarrefour50ansplus\/#\/schema\/person\/d8b947343e1b1b31b839f262ba3d03c7\"},\"breadcrumb\":{\"@id\":\"https:\/\/groupeproexpo.com\/saloncarrefour50ansplus\/2017-residences-soleil-groupe-savoie\/#breadcrumb\"},\"inLanguage\":\"fr-FR\",\"potentialAction\":[{\"@type\":\"ReadAction\",\"target\":[\"https:\/\/groupeproexpo.com\/saloncarrefour50ansplus\/2017-residences-soleil-groupe-savoie\/\"]}]},{\"@type\":\"ImageObject\",\"inLanguage\":\"fr-FR\",\"@id\":\"https:\/\/groupeproexpo.com\/saloncarrefour50ansplus\/2017-residences-soleil-groupe-savoie\/#primaryimage\",\"url\":\"https:\/\/groupeproexpo.com\/saloncarrefour50ansplus\/wp-content\/uploads\/sites\/9\/2018\/09\/H\u00c9BERGEMENT-CADRE-BLEU.jpg\",\"contentUrl\":\"https:\/\/groupeproexpo.com\/saloncarrefour50ansplus\/wp-content\/uploads\/sites\/9\/2018\/09\/H\u00c9BERGEMENT-CADRE-BLEU.jpg\",\"width\":1920,\"height\":1080},{\"@type\":\"BreadcrumbList\",\"@id\":\"https:\/\/groupeproexpo.com\/saloncarrefour50ansplus\/2017-residences-soleil-groupe-savoie\/#breadcrumb\",\"itemListElement\":[{\"@type\":\"ListItem\",\"position\":1,\"name\":\"Accueil\",\"item\":\"https:\/\/groupeproexpo.com\/saloncarrefour50ansplus\/\"},{\"@type\":\"ListItem\",\"position\":2,\"name\":\"LES R\u00c9SIDENCES SOLEIL &#8211; GROUPE SAVOIE\"}]},{\"@type\":\"WebSite\",\"@id\":\"https:\/\/groupeproexpo.com\/saloncarrefour50ansplus\/#website\",\"url\":\"https:\/\/groupeproexpo.com\/saloncarrefour50ansplus\/\",\"name\":\"Le Salon Carrefour 50 ans +\",\"description\":\"12 au 14 avril 2024\",\"potentialAction\":[{\"@type\":\"SearchAction\",\"target\":{\"@type\":\"EntryPoint\",\"urlTemplate\":\"https:\/\/groupeproexpo.com\/saloncarrefour50ansplus\/?s={search_term_string}\"},\"query-input\":{\"@type\":\"PropertyValueSpecification\",\"valueRequired\":true,\"valueName\":\"search_term_string\"}}],\"inLanguage\":\"fr-FR\"},{\"@type\":\"Person\",\"@id\":\"https:\/\/groupeproexpo.com\/saloncarrefour50ansplus\/#\/schema\/person\/d8b947343e1b1b31b839f262ba3d03c7\",\"name\":\"roger\",\"image\":{\"@type\":\"ImageObject\",\"inLanguage\":\"fr-FR\",\"@id\":\"https:\/\/groupeproexpo.com\/saloncarrefour50ansplus\/#\/schema\/person\/image\/\",\"url\":\"https:\/\/secure.gravatar.com\/avatar\/15a77a6584b86855ec6fe21668fa40f8?s=96&d=mm&r=g\",\"contentUrl\":\"https:\/\/secure.gravatar.com\/avatar\/15a77a6584b86855ec6fe21668fa40f8?s=96&d=mm&r=g\",\"caption\":\"roger\"},\"url\":\"https:\/\/groupeproexpo.com\/saloncarrefour50ansplus\/author\/roger\/\"}]}<\/script>\n<!-- \/ Yoast SEO plugin. -->","yoast_head_json":{"title":"LES R\u00c9SIDENCES SOLEIL - GROUPE SAVOIE - Le Salon Carrefour 50 ans +","robots":{"index":"index","follow":"follow","max-snippet":"max-snippet:-1","max-image-preview":"max-image-preview:large","max-video-preview":"max-video-preview:-1"},"canonical":"https:\/\/groupeproexpo.com\/saloncarrefour50ansplus\/2017-residences-soleil-groupe-savoie\/","og_locale":"fr_FR","og_type":"article","og_title":"LES R\u00c9SIDENCES SOLEIL - GROUPE SAVOIE - Le Salon Carrefour 50 ans +","og_description":"Les R\u00e9sidences Soleil &#8211; Groupe Savoie est une entreprise familiale \u00e0 l\u2019\u00e9coute des besoins des personnes \u00e2g\u00e9es. Les R\u00e9sidences Soleil est propri\u00e9taire-gestionnaire de 14 r\u00e9sidences pour personnes \u00e2g\u00e9es au Qu\u00e9bec. Les R\u00e9sidences Soleil offre un [...]","og_url":"https:\/\/groupeproexpo.com\/saloncarrefour50ansplus\/2017-residences-soleil-groupe-savoie\/","og_site_name":"Le Salon Carrefour 50 ans +","article_published_time":"2018-09-06T17:19:45+00:00","og_image":[{"width":1920,"height":1080,"url":"https:\/\/groupeproexpo.com\/saloncarrefour50ansplus\/wp-content\/uploads\/sites\/9\/2018\/09\/H\u00c9BERGEMENT-CADRE-BLEU.jpg","type":"image\/jpeg"}],"author":"roger","twitter_card":"summary_large_image","twitter_misc":{"\u00c9crit par":"roger"},"schema":{"@context":"https:\/\/schema.org","@graph":[{"@type":"WebPage","@id":"https:\/\/groupeproexpo.com\/saloncarrefour50ansplus\/2017-residences-soleil-groupe-savoie\/","url":"https:\/\/groupeproexpo.com\/saloncarrefour50ansplus\/2017-residences-soleil-groupe-savoie\/","name":"LES R\u00c9SIDENCES SOLEIL - GROUPE SAVOIE - Le Salon Carrefour 50 ans +","isPartOf":{"@id":"https:\/\/groupeproexpo.com\/saloncarrefour50ansplus\/#website"},"primaryImageOfPage":{"@id":"https:\/\/groupeproexpo.com\/saloncarrefour50ansplus\/2017-residences-soleil-groupe-savoie\/#primaryimage"},"image":{"@id":"https:\/\/groupeproexpo.com\/saloncarrefour50ansplus\/2017-residences-soleil-groupe-savoie\/#primaryimage"},"thumbnailUrl":"https:\/\/groupeproexpo.com\/saloncarrefour50ansplus\/wp-content\/uploads\/sites\/9\/2018\/09\/H\u00c9BERGEMENT-CADRE-BLEU.jpg","datePublished":"2018-09-06T17:19:45+00:00","author":{"@id":"https:\/\/groupeproexpo.com\/saloncarrefour50ansplus\/#\/schema\/person\/d8b947343e1b1b31b839f262ba3d03c7"},"breadcrumb":{"@id":"https:\/\/groupeproexpo.com\/saloncarrefour50ansplus\/2017-residences-soleil-groupe-savoie\/#breadcrumb"},"inLanguage":"fr-FR","potentialAction":[{"@type":"ReadAction","target":["https:\/\/groupeproexpo.com\/saloncarrefour50ansplus\/2017-residences-soleil-groupe-savoie\/"]}]},{"@type":"ImageObject","inLanguage":"fr-FR","@id":"https:\/\/groupeproexpo.com\/saloncarrefour50ansplus\/2017-residences-soleil-groupe-savoie\/#primaryimage","url":"https:\/\/groupeproexpo.com\/saloncarrefour50ansplus\/wp-content\/uploads\/sites\/9\/2018\/09\/H\u00c9BERGEMENT-CADRE-BLEU.jpg","contentUrl":"https:\/\/groupeproexpo.com\/saloncarrefour50ansplus\/wp-content\/uploads\/sites\/9\/2018\/09\/H\u00c9BERGEMENT-CADRE-BLEU.jpg","width":1920,"height":1080},{"@type":"BreadcrumbList","@id":"https:\/\/groupeproexpo.com\/saloncarrefour50ansplus\/2017-residences-soleil-groupe-savoie\/#breadcrumb","itemListElement":[{"@type":"ListItem","position":1,"name":"Accueil","item":"https:\/\/groupeproexpo.com\/saloncarrefour50ansplus\/"},{"@type":"ListItem","position":2,"name":"LES R\u00c9SIDENCES SOLEIL &#8211; GROUPE SAVOIE"}]},{"@type":"WebSite","@id":"https:\/\/groupeproexpo.com\/saloncarrefour50ansplus\/#website","url":"https:\/\/groupeproexpo.com\/saloncarrefour50ansplus\/","name":"Le Salon Carrefour 50 ans +","description":"12 au 14 avril 2024","potentialAction":[{"@type":"SearchAction","target":{"@type":"EntryPoint","urlTemplate":"https:\/\/groupeproexpo.com\/saloncarrefour50ansplus\/?s={search_term_string}"},"query-input":{"@type":"PropertyValueSpecification","valueRequired":true,"valueName":"search_term_string"}}],"inLanguage":"fr-FR"},{"@type":"Person","@id":"https:\/\/groupeproexpo.com\/saloncarrefour50ansplus\/#\/schema\/person\/d8b947343e1b1b31b839f262ba3d03c7","name":"roger","image":{"@type":"ImageObject","inLanguage":"fr-FR","@id":"https:\/\/groupeproexpo.com\/saloncarrefour50ansplus\/#\/schema\/person\/image\/","url":"https:\/\/secure.gravatar.com\/avatar\/15a77a6584b86855ec6fe21668fa40f8?s=96&d=mm&r=g","contentUrl":"https:\/\/secure.gravatar.com\/avatar\/15a77a6584b86855ec6fe21668fa40f8?s=96&d=mm&r=g","caption":"roger"},"url":"https:\/\/groupeproexpo.com\/saloncarrefour50ansplus\/author\/roger\/"}]}},"_links":{"self":[{"href":"https:\/\/groupeproexpo.com\/saloncarrefour50ansplus\/wp-json\/wp\/v2\/posts\/551","targetHints":{"allow":["GET"]}}],"collection":[{"href":"https:\/\/groupeproexpo.com\/saloncarrefour50ansplus\/wp-json\/wp\/v2\/posts"}],"about":[{"href":"https:\/\/groupeproexpo.com\/saloncarrefour50ansplus\/wp-json\/wp\/v2\/types\/post"}],"author":[{"embeddable":true,"href":"https:\/\/groupeproexpo.com\/saloncarrefour50ansplus\/wp-json\/wp\/v2\/users\/4"}],"replies":[{"embeddable":true,"href":"https:\/\/groupeproexpo.com\/saloncarrefour50ansplus\/wp-json\/wp\/v2\/comments?post=551"}],"version-history":[{"count":0,"href":"https:\/\/groupeproexpo.com\/saloncarrefour50ansplus\/wp-json\/wp\/v2\/posts\/551\/revisions"}],"wp:featuredmedia":[{"embeddable":true,"href":"https:\/\/groupeproexpo.com\/saloncarrefour50ansplus\/wp-json\/wp\/v2\/media\/3777"}],"wp:attachment":[{"href":"https:\/\/groupeproexpo.com\/saloncarrefour50ansplus\/wp-json\/wp\/v2\/media?parent=551"}],"wp:term":[{"taxonomy":"category","embeddable":true,"href":"https:\/\/groupeproexpo.com\/saloncarrefour50ansplus\/wp-json\/wp\/v2\/categories?post=551"},{"taxonomy":"post_tag","embeddable":true,"href":"https:\/\/groupeproexpo.com\/saloncarrefour50ansplus\/wp-json\/wp\/v2\/tags?post=551"}],"curies":[{"name":"wp","href":"https:\/\/api.w.org\/{rel}","templated":true}]}}