{"id":572,"date":"2018-09-06T17:36:26","date_gmt":"2018-09-06T17:36:26","guid":{"rendered":"http:\/\/saloncarrefour50ansplus.com\/?p=572"},"modified":"2018-09-06T17:36:26","modified_gmt":"2018-09-06T17:36:26","slug":"2017-autorite-marches-financiers","status":"publish","type":"post","link":"https:\/\/groupeproexpo.com\/saloncarrefour50ansplus\/2017-autorite-marches-financiers\/","title":{"rendered":"AUTORIT\u00c9 DES MARCH\u00c9S FINANCIERS"},"content":{"rendered":"<p>L\u2019Autorit\u00e9 des march\u00e9s financiers est l\u2019organisme mandat\u00e9 par le gouvernement du Qu\u00e9bec pour encadrer les activit\u00e9s de distribution de produits et services financiers, les activit\u00e9s de bourse et de compensation, les march\u00e9s de valeurs mobili\u00e8res ainsi que les march\u00e9s de d\u00e9riv\u00e9s. L\u2019Autorit\u00e9 pr\u00eate \u00e9galement assistance aux consommateurs de produits et services financiers, notamment en \u00e9tablissant des programmes \u00e9ducationnels en mati\u00e8re de consommation de produits et services financiers, en assurant le traitement des plaintes re\u00e7ues des consommateurs et en leur donnant acc\u00e8s \u00e0 des services de r\u00e8glement de diff\u00e9rends.&nbsp;<a href=\"https:\/\/l.facebook.com\/l.php?u=https%3A%2F%2Fwww.lautorite.qc.ca%2F&amp;h=ATNPIbSQjXtjVWgezhE4PBOVgR7H8KR9SDi-NbrA6eZQ8EDYndB4fLB6LAKN21RiIPgzQUFiNpS9X_iJ68lMPib6oc7lvDqDiumHasRzp7WN3ayxUbf1O_GqLc_kt6CnH489YWhHptbw-dgA2Vl48fA&amp;enc=AZN2ldUd1tY6qOAuRe-tLhEwrntZ82XJcGxXyAOwTBefhS_TC2un98tf9ouAIbJNAFFa9lpyImbAnnY2nprTVzk4FCqvBLpncmJY7iU5V91zkRfu88Mg0xZFIbvDagJlfWIGHRykdsbk0Sm8HnZjLzjaEC0793_xrU-ivsBcEr_gg-QK0ZD_unhS51gZo06WkcqOQpIWIn3p6RgA_Zq4Z-mN&amp;s=1\" target=\"_blank\" rel=\"nofollow noopener\">https:\/\/www.lautorite.qc.ca\/<\/a><\/p>\n","protected":false},"excerpt":{"rendered":"<div class=\"mh-excerpt\"><p>L\u2019Autorit\u00e9 des march\u00e9s financiers est l\u2019organisme mandat\u00e9 par le gouvernement du Qu\u00e9bec pour encadrer les activit\u00e9s de distribution de produits et services financiers, les activit\u00e9s de bourse et de compensation, les march\u00e9s de valeurs mobili\u00e8res <a class=\"mh-excerpt-more\" href=\"https:\/\/groupeproexpo.com\/saloncarrefour50ansplus\/2017-autorite-marches-financiers\/\" title=\"AUTORIT\u00c9 DES MARCH\u00c9S FINANCIERS\">[&#8230;]<\/a><\/p>\n<\/div>","protected":false},"author":4,"featured_media":3793,"comment_status":"closed","ping_status":"open","sticky":false,"template":"","format":"standard","meta":{"ngg_post_thumbnail":0,"footnotes":""},"categories":[2],"tags":[],"class_list":["post-572","post","type-post","status-publish","format-standard","has-post-thumbnail","hentry","category-entreprises-et-organismes"],"yoast_head":"<!-- This site is optimized with the Yoast SEO plugin v24.4 - https:\/\/yoast.com\/wordpress\/plugins\/seo\/ -->\n<title>AUTORIT\u00c9 DES MARCH\u00c9S FINANCIERS - Le Salon Carrefour 50 ans +<\/title>\n<meta name=\"robots\" content=\"index, follow, max-snippet:-1, max-image-preview:large, max-video-preview:-1\" \/>\n<link rel=\"canonical\" href=\"https:\/\/groupeproexpo.com\/saloncarrefour50ansplus\/2017-autorite-marches-financiers\/\" \/>\n<meta property=\"og:locale\" content=\"fr_FR\" \/>\n<meta property=\"og:type\" content=\"article\" \/>\n<meta property=\"og:title\" content=\"AUTORIT\u00c9 DES MARCH\u00c9S FINANCIERS - Le Salon Carrefour 50 ans +\" \/>\n<meta property=\"og:description\" content=\"L\u2019Autorit\u00e9 des march\u00e9s financiers est l\u2019organisme mandat\u00e9 par le gouvernement du Qu\u00e9bec pour encadrer les activit\u00e9s de distribution de produits et services financiers, les activit\u00e9s de bourse et de compensation, les march\u00e9s de valeurs mobili\u00e8res [...]\" \/>\n<meta property=\"og:url\" content=\"https:\/\/groupeproexpo.com\/saloncarrefour50ansplus\/2017-autorite-marches-financiers\/\" \/>\n<meta property=\"og:site_name\" content=\"Le Salon Carrefour 50 ans +\" \/>\n<meta property=\"article:published_time\" content=\"2018-09-06T17:36:26+00:00\" \/>\n<meta property=\"og:image\" content=\"https:\/\/groupeproexpo.com\/saloncarrefour50ansplus\/wp-content\/uploads\/sites\/9\/2018\/09\/Vignette-finances-cadre-bleu.jpg\" \/>\n\t<meta property=\"og:image:width\" content=\"1920\" \/>\n\t<meta property=\"og:image:height\" content=\"1080\" \/>\n\t<meta property=\"og:image:type\" content=\"image\/jpeg\" \/>\n<meta name=\"author\" content=\"roger\" \/>\n<meta name=\"twitter:card\" content=\"summary_large_image\" \/>\n<meta name=\"twitter:label1\" content=\"\u00c9crit par\" \/>\n\t<meta name=\"twitter:data1\" content=\"roger\" \/>\n\t<meta name=\"twitter:label2\" content=\"Dur\u00e9e de lecture estim\u00e9e\" \/>\n\t<meta name=\"twitter:data2\" content=\"1 minute\" \/>\n<script type=\"application\/ld+json\" class=\"yoast-schema-graph\">{\"@context\":\"https:\/\/schema.org\",\"@graph\":[{\"@type\":\"WebPage\",\"@id\":\"https:\/\/groupeproexpo.com\/saloncarrefour50ansplus\/2017-autorite-marches-financiers\/\",\"url\":\"https:\/\/groupeproexpo.com\/saloncarrefour50ansplus\/2017-autorite-marches-financiers\/\",\"name\":\"AUTORIT\u00c9 DES MARCH\u00c9S FINANCIERS - Le Salon Carrefour 50 ans +\",\"isPartOf\":{\"@id\":\"https:\/\/groupeproexpo.com\/saloncarrefour50ansplus\/#website\"},\"primaryImageOfPage\":{\"@id\":\"https:\/\/groupeproexpo.com\/saloncarrefour50ansplus\/2017-autorite-marches-financiers\/#primaryimage\"},\"image\":{\"@id\":\"https:\/\/groupeproexpo.com\/saloncarrefour50ansplus\/2017-autorite-marches-financiers\/#primaryimage\"},\"thumbnailUrl\":\"https:\/\/groupeproexpo.com\/saloncarrefour50ansplus\/wp-content\/uploads\/sites\/9\/2018\/09\/Vignette-finances-cadre-bleu.jpg\",\"datePublished\":\"2018-09-06T17:36:26+00:00\",\"author\":{\"@id\":\"https:\/\/groupeproexpo.com\/saloncarrefour50ansplus\/#\/schema\/person\/d8b947343e1b1b31b839f262ba3d03c7\"},\"breadcrumb\":{\"@id\":\"https:\/\/groupeproexpo.com\/saloncarrefour50ansplus\/2017-autorite-marches-financiers\/#breadcrumb\"},\"inLanguage\":\"fr-FR\",\"potentialAction\":[{\"@type\":\"ReadAction\",\"target\":[\"https:\/\/groupeproexpo.com\/saloncarrefour50ansplus\/2017-autorite-marches-financiers\/\"]}]},{\"@type\":\"ImageObject\",\"inLanguage\":\"fr-FR\",\"@id\":\"https:\/\/groupeproexpo.com\/saloncarrefour50ansplus\/2017-autorite-marches-financiers\/#primaryimage\",\"url\":\"https:\/\/groupeproexpo.com\/saloncarrefour50ansplus\/wp-content\/uploads\/sites\/9\/2018\/09\/Vignette-finances-cadre-bleu.jpg\",\"contentUrl\":\"https:\/\/groupeproexpo.com\/saloncarrefour50ansplus\/wp-content\/uploads\/sites\/9\/2018\/09\/Vignette-finances-cadre-bleu.jpg\",\"width\":1920,\"height\":1080},{\"@type\":\"BreadcrumbList\",\"@id\":\"https:\/\/groupeproexpo.com\/saloncarrefour50ansplus\/2017-autorite-marches-financiers\/#breadcrumb\",\"itemListElement\":[{\"@type\":\"ListItem\",\"position\":1,\"name\":\"Accueil\",\"item\":\"https:\/\/groupeproexpo.com\/saloncarrefour50ansplus\/\"},{\"@type\":\"ListItem\",\"position\":2,\"name\":\"AUTORIT\u00c9 DES MARCH\u00c9S FINANCIERS\"}]},{\"@type\":\"WebSite\",\"@id\":\"https:\/\/groupeproexpo.com\/saloncarrefour50ansplus\/#website\",\"url\":\"https:\/\/groupeproexpo.com\/saloncarrefour50ansplus\/\",\"name\":\"Le Salon Carrefour 50 ans +\",\"description\":\"12 au 14 avril 2024\",\"potentialAction\":[{\"@type\":\"SearchAction\",\"target\":{\"@type\":\"EntryPoint\",\"urlTemplate\":\"https:\/\/groupeproexpo.com\/saloncarrefour50ansplus\/?s={search_term_string}\"},\"query-input\":{\"@type\":\"PropertyValueSpecification\",\"valueRequired\":true,\"valueName\":\"search_term_string\"}}],\"inLanguage\":\"fr-FR\"},{\"@type\":\"Person\",\"@id\":\"https:\/\/groupeproexpo.com\/saloncarrefour50ansplus\/#\/schema\/person\/d8b947343e1b1b31b839f262ba3d03c7\",\"name\":\"roger\",\"image\":{\"@type\":\"ImageObject\",\"inLanguage\":\"fr-FR\",\"@id\":\"https:\/\/groupeproexpo.com\/saloncarrefour50ansplus\/#\/schema\/person\/image\/\",\"url\":\"https:\/\/secure.gravatar.com\/avatar\/15a77a6584b86855ec6fe21668fa40f8?s=96&d=mm&r=g\",\"contentUrl\":\"https:\/\/secure.gravatar.com\/avatar\/15a77a6584b86855ec6fe21668fa40f8?s=96&d=mm&r=g\",\"caption\":\"roger\"},\"url\":\"https:\/\/groupeproexpo.com\/saloncarrefour50ansplus\/author\/roger\/\"}]}<\/script>\n<!-- \/ Yoast SEO plugin. -->","yoast_head_json":{"title":"AUTORIT\u00c9 DES MARCH\u00c9S FINANCIERS - Le Salon Carrefour 50 ans +","robots":{"index":"index","follow":"follow","max-snippet":"max-snippet:-1","max-image-preview":"max-image-preview:large","max-video-preview":"max-video-preview:-1"},"canonical":"https:\/\/groupeproexpo.com\/saloncarrefour50ansplus\/2017-autorite-marches-financiers\/","og_locale":"fr_FR","og_type":"article","og_title":"AUTORIT\u00c9 DES MARCH\u00c9S FINANCIERS - Le Salon Carrefour 50 ans +","og_description":"L\u2019Autorit\u00e9 des march\u00e9s financiers est l\u2019organisme mandat\u00e9 par le gouvernement du Qu\u00e9bec pour encadrer les activit\u00e9s de distribution de produits et services financiers, les activit\u00e9s de bourse et de compensation, les march\u00e9s de valeurs mobili\u00e8res [...]","og_url":"https:\/\/groupeproexpo.com\/saloncarrefour50ansplus\/2017-autorite-marches-financiers\/","og_site_name":"Le Salon Carrefour 50 ans +","article_published_time":"2018-09-06T17:36:26+00:00","og_image":[{"width":1920,"height":1080,"url":"https:\/\/groupeproexpo.com\/saloncarrefour50ansplus\/wp-content\/uploads\/sites\/9\/2018\/09\/Vignette-finances-cadre-bleu.jpg","type":"image\/jpeg"}],"author":"roger","twitter_card":"summary_large_image","twitter_misc":{"\u00c9crit par":"roger","Dur\u00e9e de lecture estim\u00e9e":"1 minute"},"schema":{"@context":"https:\/\/schema.org","@graph":[{"@type":"WebPage","@id":"https:\/\/groupeproexpo.com\/saloncarrefour50ansplus\/2017-autorite-marches-financiers\/","url":"https:\/\/groupeproexpo.com\/saloncarrefour50ansplus\/2017-autorite-marches-financiers\/","name":"AUTORIT\u00c9 DES MARCH\u00c9S FINANCIERS - Le Salon Carrefour 50 ans +","isPartOf":{"@id":"https:\/\/groupeproexpo.com\/saloncarrefour50ansplus\/#website"},"primaryImageOfPage":{"@id":"https:\/\/groupeproexpo.com\/saloncarrefour50ansplus\/2017-autorite-marches-financiers\/#primaryimage"},"image":{"@id":"https:\/\/groupeproexpo.com\/saloncarrefour50ansplus\/2017-autorite-marches-financiers\/#primaryimage"},"thumbnailUrl":"https:\/\/groupeproexpo.com\/saloncarrefour50ansplus\/wp-content\/uploads\/sites\/9\/2018\/09\/Vignette-finances-cadre-bleu.jpg","datePublished":"2018-09-06T17:36:26+00:00","author":{"@id":"https:\/\/groupeproexpo.com\/saloncarrefour50ansplus\/#\/schema\/person\/d8b947343e1b1b31b839f262ba3d03c7"},"breadcrumb":{"@id":"https:\/\/groupeproexpo.com\/saloncarrefour50ansplus\/2017-autorite-marches-financiers\/#breadcrumb"},"inLanguage":"fr-FR","potentialAction":[{"@type":"ReadAction","target":["https:\/\/groupeproexpo.com\/saloncarrefour50ansplus\/2017-autorite-marches-financiers\/"]}]},{"@type":"ImageObject","inLanguage":"fr-FR","@id":"https:\/\/groupeproexpo.com\/saloncarrefour50ansplus\/2017-autorite-marches-financiers\/#primaryimage","url":"https:\/\/groupeproexpo.com\/saloncarrefour50ansplus\/wp-content\/uploads\/sites\/9\/2018\/09\/Vignette-finances-cadre-bleu.jpg","contentUrl":"https:\/\/groupeproexpo.com\/saloncarrefour50ansplus\/wp-content\/uploads\/sites\/9\/2018\/09\/Vignette-finances-cadre-bleu.jpg","width":1920,"height":1080},{"@type":"BreadcrumbList","@id":"https:\/\/groupeproexpo.com\/saloncarrefour50ansplus\/2017-autorite-marches-financiers\/#breadcrumb","itemListElement":[{"@type":"ListItem","position":1,"name":"Accueil","item":"https:\/\/groupeproexpo.com\/saloncarrefour50ansplus\/"},{"@type":"ListItem","position":2,"name":"AUTORIT\u00c9 DES MARCH\u00c9S FINANCIERS"}]},{"@type":"WebSite","@id":"https:\/\/groupeproexpo.com\/saloncarrefour50ansplus\/#website","url":"https:\/\/groupeproexpo.com\/saloncarrefour50ansplus\/","name":"Le Salon Carrefour 50 ans +","description":"12 au 14 avril 2024","potentialAction":[{"@type":"SearchAction","target":{"@type":"EntryPoint","urlTemplate":"https:\/\/groupeproexpo.com\/saloncarrefour50ansplus\/?s={search_term_string}"},"query-input":{"@type":"PropertyValueSpecification","valueRequired":true,"valueName":"search_term_string"}}],"inLanguage":"fr-FR"},{"@type":"Person","@id":"https:\/\/groupeproexpo.com\/saloncarrefour50ansplus\/#\/schema\/person\/d8b947343e1b1b31b839f262ba3d03c7","name":"roger","image":{"@type":"ImageObject","inLanguage":"fr-FR","@id":"https:\/\/groupeproexpo.com\/saloncarrefour50ansplus\/#\/schema\/person\/image\/","url":"https:\/\/secure.gravatar.com\/avatar\/15a77a6584b86855ec6fe21668fa40f8?s=96&d=mm&r=g","contentUrl":"https:\/\/secure.gravatar.com\/avatar\/15a77a6584b86855ec6fe21668fa40f8?s=96&d=mm&r=g","caption":"roger"},"url":"https:\/\/groupeproexpo.com\/saloncarrefour50ansplus\/author\/roger\/"}]}},"_links":{"self":[{"href":"https:\/\/groupeproexpo.com\/saloncarrefour50ansplus\/wp-json\/wp\/v2\/posts\/572","targetHints":{"allow":["GET"]}}],"collection":[{"href":"https:\/\/groupeproexpo.com\/saloncarrefour50ansplus\/wp-json\/wp\/v2\/posts"}],"about":[{"href":"https:\/\/groupeproexpo.com\/saloncarrefour50ansplus\/wp-json\/wp\/v2\/types\/post"}],"author":[{"embeddable":true,"href":"https:\/\/groupeproexpo.com\/saloncarrefour50ansplus\/wp-json\/wp\/v2\/users\/4"}],"replies":[{"embeddable":true,"href":"https:\/\/groupeproexpo.com\/saloncarrefour50ansplus\/wp-json\/wp\/v2\/comments?post=572"}],"version-history":[{"count":0,"href":"https:\/\/groupeproexpo.com\/saloncarrefour50ansplus\/wp-json\/wp\/v2\/posts\/572\/revisions"}],"wp:featuredmedia":[{"embeddable":true,"href":"https:\/\/groupeproexpo.com\/saloncarrefour50ansplus\/wp-json\/wp\/v2\/media\/3793"}],"wp:attachment":[{"href":"https:\/\/groupeproexpo.com\/saloncarrefour50ansplus\/wp-json\/wp\/v2\/media?parent=572"}],"wp:term":[{"taxonomy":"category","embeddable":true,"href":"https:\/\/groupeproexpo.com\/saloncarrefour50ansplus\/wp-json\/wp\/v2\/categories?post=572"},{"taxonomy":"post_tag","embeddable":true,"href":"https:\/\/groupeproexpo.com\/saloncarrefour50ansplus\/wp-json\/wp\/v2\/tags?post=572"}],"curies":[{"name":"wp","href":"https:\/\/api.w.org\/{rel}","templated":true}]}}